{"id":985,"date":"2015-09-04T11:30:47","date_gmt":"2015-09-04T11:30:47","guid":{"rendered":"https:\/\/galerija110795.ba\/?p=985"},"modified":"2015-10-18T15:57:50","modified_gmt":"2015-10-18T15:57:50","slug":"njkv-princeza-anne-posjetila-galeriju-110795","status":"publish","type":"post","link":"https:\/\/galerija110795.ba\/bs\/njkv-princeza-anne-posjetila-galeriju-110795\/","title":{"rendered":"Nj.K.V Princeza Anne posjetila Galeriju 11\/07\/95"},"content":{"rendered":"<p class=\"uvod\" style=\"text-align: justify;\">Zvani\u010dni po\u010detak projekta i promocija edukacijskog paketa <strong>\u0160kola znanja: Srebrenica \u2013 mapiranje genocida i postgenocidno dru\u0161tvo<\/strong>\u00a0dogodili su se 10. jula\u00a0u Galeriji 11\/07\/95 u prisustvu <strong>Nj.K.V princeze Anne i britanskog ambasadora Edwarda Fergusona<\/strong>.<\/p>\n<p class=\"uvod\" style=\"text-align: justify;\">Predstavljaju\u0107i visokoj go\u0161\u0107i\u00a0stalnu postavku Memorijalne Galerije 11\/07\/95 dan prije obilje\u017eavanja dvadesete godi\u0161njice genocida u Srebrenici, njen osniva\u010d Tarik Samarah je rekao: <em>Uo\u010di sutra\u0161njeg dana te\u0161ko je na\u0107i rije\u010di koje bi mogle biti utjeha onima koji ukopavaju svoje najmilije, ali najmanje \u0161to mo\u017eemo uraditi jest u\u010diti iz onoga \u0161to se desilo u Srebrenici i budu\u0107im generacijama prenositi to znanje<\/em>.<\/p>\n<p class=\"uvod\" style=\"text-align: justify;\">Princeza Anne obi\u0161la je izlo\u017ebu fotografija i prisustvovala prikazivanju dijela edukacijskog paketa \u2013 dokumentarne animacije koja prikazuje\u00a0hronologiju doga\u0111aja u Srebrenici u julu 1995. godine.<\/p>\n<p>Ambasador Velike Britanije u BiH Edward Ferguson tim povodom je rekao:\u00a0<em>Doga\u0111aji kao \u0161to je Srebrenica ne donose ni\u0161ta pozitivno osim pouke da trebamo u\u010diniti sve da se takvo\u00a0\u0161to nikad ne ponovi, ni u Bosni i Hercegovini niti bilo gdje na svijetu. Nadamo se da \u0107e ovaj svima dostupan i pa\u017eljivo istra\u017een edukacijski paket biti vrijedan alat u nastojanju budu\u0107ih generacija da shvate \u0161ta se desilo i kako se desilo, te da \u0107e nam prepoznavanje i produbljeno razumijevanje i svijest o tome omogu\u0107iti da ubudu\u0107e sli\u010dne strahote sprije\u010dimo.<\/em><\/p>\n\n<div id=\"blueimp-gallery\" class=\"blueimp-gallery\" data-use-bootstrap-modal=\"false\">\n    <!-- The container for the modal slides -->\n    <div class=\"slides\"><\/div>\n    <!-- Controls for the borderless lightbox -->\n    <h3 class=\"title\"><\/h3>\n    <a class=\"prev\">\u2039<\/a>\n    <a class=\"next\">\u203a<\/a>\n    <a class=\"close\">\u00d7<\/a>\n    <a class=\"play-pause\"><\/a>\n    <!-- The modal dialog, which will be used to wrap the lightbox content -->\n    <div class=\"modal fade\">\n        <div class=\"modal-dialog\">\n            <div class=\"modal-content\">\n                <div class=\"modal-header\">\n                    <button type=\"button\" class=\"close\" aria-hidden=\"true\">&times;<\/button>\n                    <h4 class=\"modal-title\"><\/h4>\n                <\/div>\n                <div class=\"modal-body next\"><\/div>\n                <div class=\"modal-footer\">\n                    <button type=\"button\" class=\"btn btn-default pull-left prev\">\n                        <i class=\"glyphicon glyphicon-chevron-left\"><\/i>\n                        Previous\n                    <\/button>\n                    <button type=\"button\" class=\"btn btn-primary next\">\n                        Next\n                        <i class=\"glyphicon glyphicon-chevron-right\"><\/i>\n                    <\/button>\n                <\/div>\n            <\/div>\n        <\/div>\n    <\/div>\n<\/div><div id=\"links\" class=\"gallery gallery-985-1\"><div class=\"gallery-row gallery-columns-3\"><div class=\"gallery-item\"><a class=\"thumbnail img-thumbnail\" href='https:\/\/galerija110795.ba\/app\/uploads\/2015\/09\/019A3934.jpg'><img loading=\"lazy\" decoding=\"async\" width=\"600\" height=\"400\" src=\"https:\/\/galerija110795.ba\/app\/uploads\/2015\/09\/019A3934-600x400.jpg\" class=\"attachment-thumbnail size-thumbnail\" alt=\"\" srcset=\"https:\/\/galerija110795.ba\/app\/uploads\/2015\/09\/019A3934-600x400.jpg 600w, https:\/\/galerija110795.ba\/app\/uploads\/2015\/09\/019A3934-900x600.jpg 900w, https:\/\/galerija110795.ba\/app\/uploads\/2015\/09\/019A3934-1200x800.jpg 1200w\" sizes=\"auto, (max-width: 600px) 100vw, 600px\" \/><\/a><\/div><div class=\"gallery-item\"><a class=\"thumbnail img-thumbnail\" href='https:\/\/galerija110795.ba\/app\/uploads\/2015\/09\/019A3943.jpg'><img loading=\"lazy\" decoding=\"async\" width=\"600\" height=\"400\" src=\"https:\/\/galerija110795.ba\/app\/uploads\/2015\/09\/019A3943-600x400.jpg\" class=\"attachment-thumbnail size-thumbnail\" alt=\"\" srcset=\"https:\/\/galerija110795.ba\/app\/uploads\/2015\/09\/019A3943-600x400.jpg 600w, https:\/\/galerija110795.ba\/app\/uploads\/2015\/09\/019A3943-900x600.jpg 900w, https:\/\/galerija110795.ba\/app\/uploads\/2015\/09\/019A3943-1200x800.jpg 1200w\" sizes=\"auto, (max-width: 600px) 100vw, 600px\" \/><\/a><\/div><div class=\"gallery-item\"><a class=\"thumbnail img-thumbnail\" href='https:\/\/galerija110795.ba\/app\/uploads\/2015\/09\/019A3963.jpg'><img loading=\"lazy\" decoding=\"async\" width=\"600\" height=\"400\" src=\"https:\/\/galerija110795.ba\/app\/uploads\/2015\/09\/019A3963-600x400.jpg\" class=\"attachment-thumbnail size-thumbnail\" alt=\"\" srcset=\"https:\/\/galerija110795.ba\/app\/uploads\/2015\/09\/019A3963-600x400.jpg 600w, https:\/\/galerija110795.ba\/app\/uploads\/2015\/09\/019A3963-900x600.jpg 900w, https:\/\/galerija110795.ba\/app\/uploads\/2015\/09\/019A3963-1200x800.jpg 1200w\" sizes=\"auto, (max-width: 600px) 100vw, 600px\" \/><\/a><\/div><\/div><div class=\"gallery-row gallery-columns-3\"><div class=\"gallery-item\"><a class=\"thumbnail img-thumbnail\" href='https:\/\/galerija110795.ba\/app\/uploads\/2015\/09\/019A4073.jpg'><img loading=\"lazy\" decoding=\"async\" width=\"600\" height=\"400\" src=\"https:\/\/galerija110795.ba\/app\/uploads\/2015\/09\/019A4073-600x400.jpg\" class=\"attachment-thumbnail size-thumbnail\" alt=\"\" srcset=\"https:\/\/galerija110795.ba\/app\/uploads\/2015\/09\/019A4073-600x400.jpg 600w, https:\/\/galerija110795.ba\/app\/uploads\/2015\/09\/019A4073-900x600.jpg 900w, https:\/\/galerija110795.ba\/app\/uploads\/2015\/09\/019A4073-1200x800.jpg 1200w\" sizes=\"auto, (max-width: 600px) 100vw, 600px\" \/><\/a><\/div><div class=\"gallery-item\"><a class=\"thumbnail img-thumbnail\" href='https:\/\/galerija110795.ba\/app\/uploads\/2015\/09\/019A4070.jpg'><img loading=\"lazy\" decoding=\"async\" width=\"600\" height=\"400\" src=\"https:\/\/galerija110795.ba\/app\/uploads\/2015\/09\/019A4070-600x400.jpg\" class=\"attachment-thumbnail size-thumbnail\" alt=\"\" srcset=\"https:\/\/galerija110795.ba\/app\/uploads\/2015\/09\/019A4070-600x400.jpg 600w, https:\/\/galerija110795.ba\/app\/uploads\/2015\/09\/019A4070-900x600.jpg 900w, https:\/\/galerija110795.ba\/app\/uploads\/2015\/09\/019A4070-1200x800.jpg 1200w\" sizes=\"auto, (max-width: 600px) 100vw, 600px\" \/><\/a><\/div><div class=\"gallery-item\"><a class=\"thumbnail img-thumbnail\" href='https:\/\/galerija110795.ba\/app\/uploads\/2015\/09\/019A4040.jpg'><img loading=\"lazy\" decoding=\"async\" width=\"600\" height=\"400\" src=\"https:\/\/galerija110795.ba\/app\/uploads\/2015\/09\/019A4040-600x400.jpg\" class=\"attachment-thumbnail size-thumbnail\" alt=\"\" srcset=\"https:\/\/galerija110795.ba\/app\/uploads\/2015\/09\/019A4040-600x400.jpg 600w, https:\/\/galerija110795.ba\/app\/uploads\/2015\/09\/019A4040-900x600.jpg 900w, https:\/\/galerija110795.ba\/app\/uploads\/2015\/09\/019A4040-1200x800.jpg 1200w\" sizes=\"auto, (max-width: 600px) 100vw, 600px\" \/><\/a><\/div><\/div><div class=\"gallery-row gallery-columns-3\"><div class=\"gallery-item\"><a class=\"thumbnail img-thumbnail\" href='https:\/\/galerija110795.ba\/app\/uploads\/2015\/09\/019A4038.jpg'><img loading=\"lazy\" decoding=\"async\" width=\"600\" height=\"400\" src=\"https:\/\/galerija110795.ba\/app\/uploads\/2015\/09\/019A4038-600x400.jpg\" class=\"attachment-thumbnail size-thumbnail\" alt=\"\" srcset=\"https:\/\/galerija110795.ba\/app\/uploads\/2015\/09\/019A4038-600x400.jpg 600w, https:\/\/galerija110795.ba\/app\/uploads\/2015\/09\/019A4038-900x600.jpg 900w, https:\/\/galerija110795.ba\/app\/uploads\/2015\/09\/019A4038-1200x800.jpg 1200w\" sizes=\"auto, (max-width: 600px) 100vw, 600px\" \/><\/a><\/div><div class=\"gallery-item\"><a class=\"thumbnail img-thumbnail\" href='https:\/\/galerija110795.ba\/app\/uploads\/2015\/09\/019A4013.jpg'><img loading=\"lazy\" decoding=\"async\" width=\"600\" height=\"400\" src=\"https:\/\/galerija110795.ba\/app\/uploads\/2015\/09\/019A4013-600x400.jpg\" class=\"attachment-thumbnail size-thumbnail\" alt=\"\" srcset=\"https:\/\/galerija110795.ba\/app\/uploads\/2015\/09\/019A4013-600x400.jpg 600w, https:\/\/galerija110795.ba\/app\/uploads\/2015\/09\/019A4013-900x600.jpg 900w, https:\/\/galerija110795.ba\/app\/uploads\/2015\/09\/019A4013-1200x800.jpg 1200w\" sizes=\"auto, (max-width: 600px) 100vw, 600px\" \/><\/a><\/div><div class=\"gallery-item\"><a class=\"thumbnail img-thumbnail\" href='https:\/\/galerija110795.ba\/app\/uploads\/2015\/09\/019A3983.jpg'><img loading=\"lazy\" decoding=\"async\" width=\"600\" height=\"400\" src=\"https:\/\/galerija110795.ba\/app\/uploads\/2015\/09\/019A3983-600x400.jpg\" class=\"attachment-thumbnail size-thumbnail\" alt=\"\" srcset=\"https:\/\/galerija110795.ba\/app\/uploads\/2015\/09\/019A3983-600x400.jpg 600w, https:\/\/galerija110795.ba\/app\/uploads\/2015\/09\/019A3983-900x600.jpg 900w, https:\/\/galerija110795.ba\/app\/uploads\/2015\/09\/019A3983-1200x800.jpg 1200w\" sizes=\"auto, (max-width: 600px) 100vw, 600px\" \/><\/a><\/div><\/div><div class=\"gallery-row gallery-columns-3\"><div class=\"gallery-item\"><a class=\"thumbnail img-thumbnail\" href='https:\/\/galerija110795.ba\/app\/uploads\/2015\/09\/019A3982.jpg'><img loading=\"lazy\" decoding=\"async\" width=\"600\" height=\"400\" src=\"https:\/\/galerija110795.ba\/app\/uploads\/2015\/09\/019A3982-600x400.jpg\" class=\"attachment-thumbnail size-thumbnail\" alt=\"\" srcset=\"https:\/\/galerija110795.ba\/app\/uploads\/2015\/09\/019A3982-600x400.jpg 600w, https:\/\/galerija110795.ba\/app\/uploads\/2015\/09\/019A3982-900x600.jpg 900w, https:\/\/galerija110795.ba\/app\/uploads\/2015\/09\/019A3982-1200x800.jpg 1200w\" sizes=\"auto, (max-width: 600px) 100vw, 600px\" \/><\/a><\/div><div class=\"gallery-item\"><a class=\"thumbnail img-thumbnail\" href='https:\/\/galerija110795.ba\/app\/uploads\/2015\/09\/019A3972.jpg'><img loading=\"lazy\" decoding=\"async\" width=\"600\" height=\"400\" src=\"https:\/\/galerija110795.ba\/app\/uploads\/2015\/09\/019A3972-600x400.jpg\" class=\"attachment-thumbnail size-thumbnail\" alt=\"\" srcset=\"https:\/\/galerija110795.ba\/app\/uploads\/2015\/09\/019A3972-600x400.jpg 600w, https:\/\/galerija110795.ba\/app\/uploads\/2015\/09\/019A3972-900x600.jpg 900w, https:\/\/galerija110795.ba\/app\/uploads\/2015\/09\/019A3972-1200x800.jpg 1200w\" sizes=\"auto, (max-width: 600px) 100vw, 600px\" \/><\/a><\/div><div class=\"gallery-item\"><a class=\"thumbnail img-thumbnail\" href='https:\/\/galerija110795.ba\/app\/uploads\/2015\/09\/019A4081.jpg'><img loading=\"lazy\" decoding=\"async\" width=\"600\" height=\"400\" src=\"https:\/\/galerija110795.ba\/app\/uploads\/2015\/09\/019A4081-600x400.jpg\" class=\"attachment-thumbnail size-thumbnail\" alt=\"\" srcset=\"https:\/\/galerija110795.ba\/app\/uploads\/2015\/09\/019A4081-600x400.jpg 600w, https:\/\/galerija110795.ba\/app\/uploads\/2015\/09\/019A4081-900x600.jpg 900w, https:\/\/galerija110795.ba\/app\/uploads\/2015\/09\/019A4081-1200x800.jpg 1200w\" sizes=\"auto, (max-width: 600px) 100vw, 600px\" \/><\/a><\/div><\/div><\/div>\n  <script>\n    jQuery(document).ready(function($) {\n\ndocument.getElementById(\"links\").onclick = function (event) {\n    event = event || window.event;\n    var target = event.target || event.srcElement,\n        link = target.src ? target.parentNode : target,\n        options = {index: link, event: event},\n        links = this.getElementsByTagName(\"a\");\n    blueimp.Gallery(links, options);\n};\n    });\n    \n<\/script>\n  \n","protected":false},"excerpt":{"rendered":"<p>Zvani\u010dni po\u010detak projekta i promocija edukacijskog paketa \u0160kola znanja: Srebrenica \u2013 mapiranje genocida i postgenocidno dru\u0161tvo\u00a0dogodili su se 10. jula\u00a0u Galeriji 11\/07\/95 u prisustvu Nj.K.V princeze Anne i britanskog ambasadora Edwarda Fergusona. Predstavljaju\u0107i visokoj go\u0161\u0107i\u00a0stalnu postavku Memorijalne Galerije 11\/07\/95 dan prije obilje\u017eavanja dvadesete godi\u0161njice genocida u Srebrenici, njen osniva\u010d Tarik Samarah je rekao: Uo\u010di sutra\u0161njeg &hellip; <a href=\"https:\/\/galerija110795.ba\/bs\/njkv-princeza-anne-posjetila-galeriju-110795\/\">Continued<\/a><\/p>\n","protected":false},"author":2,"featured_media":902,"comment_status":"closed","ping_status":"open","sticky":false,"template":"","format":"standard","meta":{"_acf_changed":false,"footnotes":""},"categories":[1],"tags":[],"class_list":["post-985","post","type-post","status-publish","format-standard","has-post-thumbnail","hentry","category-aktuelno"],"acf":[],"yoast_head":"<!-- This site is optimized with the Yoast SEO plugin v26.8 - https:\/\/yoast.com\/product\/yoast-seo-wordpress\/ -->\n<title>Nj.K.V Princeza Anne posjetila Galeriju 11\/07\/95 - Galerija 11\/07\/95<\/title>\n<meta name=\"robots\" content=\"index, follow, max-snippet:-1, max-image-preview:large, max-video-preview:-1\" \/>\n<link rel=\"canonical\" href=\"https:\/\/galerija110795.ba\/bs\/njkv-princeza-anne-posjetila-galeriju-110795\/\" \/>\n<meta property=\"og:locale\" content=\"bs_BA\" \/>\n<meta property=\"og:type\" content=\"article\" \/>\n<meta property=\"og:title\" content=\"Nj.K.V Princeza Anne posjetila Galeriju 11\/07\/95 - Galerija 11\/07\/95\" \/>\n<meta property=\"og:description\" content=\"Zvani\u010dni po\u010detak projekta i promocija edukacijskog paketa \u0160kola znanja: Srebrenica \u2013 mapiranje genocida i postgenocidno dru\u0161tvo\u00a0dogodili su se 10. jula\u00a0u Galeriji 11\/07\/95 u prisustvu Nj.K.V princeze Anne i britanskog ambasadora Edwarda Fergusona. Predstavljaju\u0107i visokoj go\u0161\u0107i\u00a0stalnu postavku Memorijalne Galerije 11\/07\/95 dan prije obilje\u017eavanja dvadesete godi\u0161njice genocida u Srebrenici, njen osniva\u010d Tarik Samarah je rekao: Uo\u010di sutra\u0161njeg &hellip; Continued\" \/>\n<meta property=\"og:url\" content=\"https:\/\/galerija110795.ba\/bs\/njkv-princeza-anne-posjetila-galeriju-110795\/\" \/>\n<meta property=\"og:site_name\" content=\"Galerija 11\/07\/95\" \/>\n<meta property=\"article:published_time\" content=\"2015-09-04T11:30:47+00:00\" \/>\n<meta property=\"article:modified_time\" content=\"2015-10-18T15:57:50+00:00\" \/>\n<meta property=\"og:image\" content=\"https:\/\/galerija110795.ba\/app\/uploads\/2015\/09\/019A3934-1200x800.jpg\" \/>\n\t<meta property=\"og:image:width\" content=\"1200\" \/>\n\t<meta property=\"og:image:height\" content=\"800\" \/>\n\t<meta property=\"og:image:type\" content=\"image\/jpeg\" \/>\n<meta name=\"author\" content=\"Anela Hakalovi\u0107\" \/>\n<meta name=\"twitter:card\" content=\"summary_large_image\" \/>\n<meta name=\"twitter:label1\" content=\"Written by\" \/>\n\t<meta name=\"twitter:data1\" content=\"Anela Hakalovi\u0107\" \/>\n\t<meta name=\"twitter:label2\" content=\"Est. reading time\" \/>\n\t<meta name=\"twitter:data2\" content=\"1 minuta\" \/>\n<script type=\"application\/ld+json\" class=\"yoast-schema-graph\">{\"@context\":\"https:\/\/schema.org\",\"@graph\":[{\"@type\":\"Article\",\"@id\":\"https:\/\/galerija110795.ba\/bs\/njkv-princeza-anne-posjetila-galeriju-110795\/#article\",\"isPartOf\":{\"@id\":\"https:\/\/galerija110795.ba\/bs\/njkv-princeza-anne-posjetila-galeriju-110795\/\"},\"author\":{\"name\":\"Anela Hakalovi\u0107\",\"@id\":\"https:\/\/galerija110795.ba\/#\/schema\/person\/aed85583c0c5ab85318b45909ea22388\"},\"headline\":\"Nj.K.V Princeza Anne posjetila Galeriju 11\/07\/95\",\"datePublished\":\"2015-09-04T11:30:47+00:00\",\"dateModified\":\"2015-10-18T15:57:50+00:00\",\"mainEntityOfPage\":{\"@id\":\"https:\/\/galerija110795.ba\/bs\/njkv-princeza-anne-posjetila-galeriju-110795\/\"},\"wordCount\":242,\"publisher\":{\"@id\":\"https:\/\/galerija110795.ba\/#organization\"},\"image\":{\"@id\":\"https:\/\/galerija110795.ba\/bs\/njkv-princeza-anne-posjetila-galeriju-110795\/#primaryimage\"},\"thumbnailUrl\":\"https:\/\/galerija110795.ba\/app\/uploads\/2015\/09\/019A3934.jpg\",\"articleSection\":[\"Aktuelno\"],\"inLanguage\":\"bs-BA\"},{\"@type\":\"WebPage\",\"@id\":\"https:\/\/galerija110795.ba\/bs\/njkv-princeza-anne-posjetila-galeriju-110795\/\",\"url\":\"https:\/\/galerija110795.ba\/bs\/njkv-princeza-anne-posjetila-galeriju-110795\/\",\"name\":\"Nj.K.V Princeza Anne posjetila Galeriju 11\/07\/95 - Galerija 11\/07\/95\",\"isPartOf\":{\"@id\":\"https:\/\/galerija110795.ba\/#website\"},\"primaryImageOfPage\":{\"@id\":\"https:\/\/galerija110795.ba\/bs\/njkv-princeza-anne-posjetila-galeriju-110795\/#primaryimage\"},\"image\":{\"@id\":\"https:\/\/galerija110795.ba\/bs\/njkv-princeza-anne-posjetila-galeriju-110795\/#primaryimage\"},\"thumbnailUrl\":\"https:\/\/galerija110795.ba\/app\/uploads\/2015\/09\/019A3934.jpg\",\"datePublished\":\"2015-09-04T11:30:47+00:00\",\"dateModified\":\"2015-10-18T15:57:50+00:00\",\"breadcrumb\":{\"@id\":\"https:\/\/galerija110795.ba\/bs\/njkv-princeza-anne-posjetila-galeriju-110795\/#breadcrumb\"},\"inLanguage\":\"bs-BA\",\"potentialAction\":[{\"@type\":\"ReadAction\",\"target\":[\"https:\/\/galerija110795.ba\/bs\/njkv-princeza-anne-posjetila-galeriju-110795\/\"]}]},{\"@type\":\"ImageObject\",\"inLanguage\":\"bs-BA\",\"@id\":\"https:\/\/galerija110795.ba\/bs\/njkv-princeza-anne-posjetila-galeriju-110795\/#primaryimage\",\"url\":\"https:\/\/galerija110795.ba\/app\/uploads\/2015\/09\/019A3934.jpg\",\"contentUrl\":\"https:\/\/galerija110795.ba\/app\/uploads\/2015\/09\/019A3934.jpg\",\"width\":5760,\"height\":3840},{\"@type\":\"BreadcrumbList\",\"@id\":\"https:\/\/galerija110795.ba\/bs\/njkv-princeza-anne-posjetila-galeriju-110795\/#breadcrumb\",\"itemListElement\":[{\"@type\":\"ListItem\",\"position\":1,\"name\":\"Home\",\"item\":\"https:\/\/galerija110795.ba\/\"},{\"@type\":\"ListItem\",\"position\":2,\"name\":\"Nj.K.V Princeza Anne posjetila Galeriju 11\/07\/95\"}]},{\"@type\":\"WebSite\",\"@id\":\"https:\/\/galerija110795.ba\/#website\",\"url\":\"https:\/\/galerija110795.ba\/\",\"name\":\"Galerija 11\/07\/95\",\"description\":\"Prva memorijalna galerija u Bosni i Hercegovini, izlo\u017ebeni prostor kojem je cilj o\u010duvati sje\u0107anja na  tragediju Srebrenice i 8372 osobe tragi\u010dno stradale u srebreni\u010dkom genocidu.\",\"publisher\":{\"@id\":\"https:\/\/galerija110795.ba\/#organization\"},\"potentialAction\":[{\"@type\":\"SearchAction\",\"target\":{\"@type\":\"EntryPoint\",\"urlTemplate\":\"https:\/\/galerija110795.ba\/?s={search_term_string}\"},\"query-input\":{\"@type\":\"PropertyValueSpecification\",\"valueRequired\":true,\"valueName\":\"search_term_string\"}}],\"inLanguage\":\"bs-BA\"},{\"@type\":\"Organization\",\"@id\":\"https:\/\/galerija110795.ba\/#organization\",\"name\":\"Galerija 11\/07\/95\",\"url\":\"https:\/\/galerija110795.ba\/\",\"logo\":{\"@type\":\"ImageObject\",\"inLanguage\":\"bs-BA\",\"@id\":\"https:\/\/galerija110795.ba\/#\/schema\/logo\/image\/\",\"url\":\"https:\/\/galerija110795.ba\/app\/uploads\/2013\/09\/galerija_110795_logo.png\",\"contentUrl\":\"https:\/\/galerija110795.ba\/app\/uploads\/2013\/09\/galerija_110795_logo.png\",\"width\":1254,\"height\":408,\"caption\":\"Galerija 11\/07\/95\"},\"image\":{\"@id\":\"https:\/\/galerija110795.ba\/#\/schema\/logo\/image\/\"}},{\"@type\":\"Person\",\"@id\":\"https:\/\/galerija110795.ba\/#\/schema\/person\/aed85583c0c5ab85318b45909ea22388\",\"name\":\"Anela Hakalovi\u0107\",\"image\":{\"@type\":\"ImageObject\",\"inLanguage\":\"bs-BA\",\"@id\":\"https:\/\/galerija110795.ba\/#\/schema\/person\/image\/\",\"url\":\"https:\/\/secure.gravatar.com\/avatar\/73b0950138c9b13ee821b104d652969835e2e28c1ed741ecae67f3fb387e0a90?s=96&d=mm&r=g\",\"contentUrl\":\"https:\/\/secure.gravatar.com\/avatar\/73b0950138c9b13ee821b104d652969835e2e28c1ed741ecae67f3fb387e0a90?s=96&d=mm&r=g\",\"caption\":\"Anela Hakalovi\u0107\"},\"sameAs\":[\"https:\/\/galerija110795.ba\"],\"url\":\"https:\/\/galerija110795.ba\/bs\/author\/anela\/\"}]}<\/script>\n<!-- \/ Yoast SEO plugin. -->","yoast_head_json":{"title":"Nj.K.V Princeza Anne posjetila Galeriju 11\/07\/95 - Galerija 11\/07\/95","robots":{"index":"index","follow":"follow","max-snippet":"max-snippet:-1","max-image-preview":"max-image-preview:large","max-video-preview":"max-video-preview:-1"},"canonical":"https:\/\/galerija110795.ba\/bs\/njkv-princeza-anne-posjetila-galeriju-110795\/","og_locale":"bs_BA","og_type":"article","og_title":"Nj.K.V Princeza Anne posjetila Galeriju 11\/07\/95 - Galerija 11\/07\/95","og_description":"Zvani\u010dni po\u010detak projekta i promocija edukacijskog paketa \u0160kola znanja: Srebrenica \u2013 mapiranje genocida i postgenocidno dru\u0161tvo\u00a0dogodili su se 10. jula\u00a0u Galeriji 11\/07\/95 u prisustvu Nj.K.V princeze Anne i britanskog ambasadora Edwarda Fergusona. Predstavljaju\u0107i visokoj go\u0161\u0107i\u00a0stalnu postavku Memorijalne Galerije 11\/07\/95 dan prije obilje\u017eavanja dvadesete godi\u0161njice genocida u Srebrenici, njen osniva\u010d Tarik Samarah je rekao: Uo\u010di sutra\u0161njeg &hellip; Continued","og_url":"https:\/\/galerija110795.ba\/bs\/njkv-princeza-anne-posjetila-galeriju-110795\/","og_site_name":"Galerija 11\/07\/95","article_published_time":"2015-09-04T11:30:47+00:00","article_modified_time":"2015-10-18T15:57:50+00:00","og_image":[{"width":1200,"height":800,"url":"https:\/\/galerija110795.ba\/app\/uploads\/2015\/09\/019A3934-1200x800.jpg","type":"image\/jpeg"}],"author":"Anela Hakalovi\u0107","twitter_card":"summary_large_image","twitter_misc":{"Written by":"Anela Hakalovi\u0107","Est. reading time":"1 minuta"},"schema":{"@context":"https:\/\/schema.org","@graph":[{"@type":"Article","@id":"https:\/\/galerija110795.ba\/bs\/njkv-princeza-anne-posjetila-galeriju-110795\/#article","isPartOf":{"@id":"https:\/\/galerija110795.ba\/bs\/njkv-princeza-anne-posjetila-galeriju-110795\/"},"author":{"name":"Anela Hakalovi\u0107","@id":"https:\/\/galerija110795.ba\/#\/schema\/person\/aed85583c0c5ab85318b45909ea22388"},"headline":"Nj.K.V Princeza Anne posjetila Galeriju 11\/07\/95","datePublished":"2015-09-04T11:30:47+00:00","dateModified":"2015-10-18T15:57:50+00:00","mainEntityOfPage":{"@id":"https:\/\/galerija110795.ba\/bs\/njkv-princeza-anne-posjetila-galeriju-110795\/"},"wordCount":242,"publisher":{"@id":"https:\/\/galerija110795.ba\/#organization"},"image":{"@id":"https:\/\/galerija110795.ba\/bs\/njkv-princeza-anne-posjetila-galeriju-110795\/#primaryimage"},"thumbnailUrl":"https:\/\/galerija110795.ba\/app\/uploads\/2015\/09\/019A3934.jpg","articleSection":["Aktuelno"],"inLanguage":"bs-BA"},{"@type":"WebPage","@id":"https:\/\/galerija110795.ba\/bs\/njkv-princeza-anne-posjetila-galeriju-110795\/","url":"https:\/\/galerija110795.ba\/bs\/njkv-princeza-anne-posjetila-galeriju-110795\/","name":"Nj.K.V Princeza Anne posjetila Galeriju 11\/07\/95 - Galerija 11\/07\/95","isPartOf":{"@id":"https:\/\/galerija110795.ba\/#website"},"primaryImageOfPage":{"@id":"https:\/\/galerija110795.ba\/bs\/njkv-princeza-anne-posjetila-galeriju-110795\/#primaryimage"},"image":{"@id":"https:\/\/galerija110795.ba\/bs\/njkv-princeza-anne-posjetila-galeriju-110795\/#primaryimage"},"thumbnailUrl":"https:\/\/galerija110795.ba\/app\/uploads\/2015\/09\/019A3934.jpg","datePublished":"2015-09-04T11:30:47+00:00","dateModified":"2015-10-18T15:57:50+00:00","breadcrumb":{"@id":"https:\/\/galerija110795.ba\/bs\/njkv-princeza-anne-posjetila-galeriju-110795\/#breadcrumb"},"inLanguage":"bs-BA","potentialAction":[{"@type":"ReadAction","target":["https:\/\/galerija110795.ba\/bs\/njkv-princeza-anne-posjetila-galeriju-110795\/"]}]},{"@type":"ImageObject","inLanguage":"bs-BA","@id":"https:\/\/galerija110795.ba\/bs\/njkv-princeza-anne-posjetila-galeriju-110795\/#primaryimage","url":"https:\/\/galerija110795.ba\/app\/uploads\/2015\/09\/019A3934.jpg","contentUrl":"https:\/\/galerija110795.ba\/app\/uploads\/2015\/09\/019A3934.jpg","width":5760,"height":3840},{"@type":"BreadcrumbList","@id":"https:\/\/galerija110795.ba\/bs\/njkv-princeza-anne-posjetila-galeriju-110795\/#breadcrumb","itemListElement":[{"@type":"ListItem","position":1,"name":"Home","item":"https:\/\/galerija110795.ba\/"},{"@type":"ListItem","position":2,"name":"Nj.K.V Princeza Anne posjetila Galeriju 11\/07\/95"}]},{"@type":"WebSite","@id":"https:\/\/galerija110795.ba\/#website","url":"https:\/\/galerija110795.ba\/","name":"Galerija 11\/07\/95","description":"Prva memorijalna galerija u Bosni i Hercegovini, izlo\u017ebeni prostor kojem je cilj o\u010duvati sje\u0107anja na  tragediju Srebrenice i 8372 osobe tragi\u010dno stradale u srebreni\u010dkom genocidu.","publisher":{"@id":"https:\/\/galerija110795.ba\/#organization"},"potentialAction":[{"@type":"SearchAction","target":{"@type":"EntryPoint","urlTemplate":"https:\/\/galerija110795.ba\/?s={search_term_string}"},"query-input":{"@type":"PropertyValueSpecification","valueRequired":true,"valueName":"search_term_string"}}],"inLanguage":"bs-BA"},{"@type":"Organization","@id":"https:\/\/galerija110795.ba\/#organization","name":"Galerija 11\/07\/95","url":"https:\/\/galerija110795.ba\/","logo":{"@type":"ImageObject","inLanguage":"bs-BA","@id":"https:\/\/galerija110795.ba\/#\/schema\/logo\/image\/","url":"https:\/\/galerija110795.ba\/app\/uploads\/2013\/09\/galerija_110795_logo.png","contentUrl":"https:\/\/galerija110795.ba\/app\/uploads\/2013\/09\/galerija_110795_logo.png","width":1254,"height":408,"caption":"Galerija 11\/07\/95"},"image":{"@id":"https:\/\/galerija110795.ba\/#\/schema\/logo\/image\/"}},{"@type":"Person","@id":"https:\/\/galerija110795.ba\/#\/schema\/person\/aed85583c0c5ab85318b45909ea22388","name":"Anela Hakalovi\u0107","image":{"@type":"ImageObject","inLanguage":"bs-BA","@id":"https:\/\/galerija110795.ba\/#\/schema\/person\/image\/","url":"https:\/\/secure.gravatar.com\/avatar\/73b0950138c9b13ee821b104d652969835e2e28c1ed741ecae67f3fb387e0a90?s=96&d=mm&r=g","contentUrl":"https:\/\/secure.gravatar.com\/avatar\/73b0950138c9b13ee821b104d652969835e2e28c1ed741ecae67f3fb387e0a90?s=96&d=mm&r=g","caption":"Anela Hakalovi\u0107"},"sameAs":["https:\/\/galerija110795.ba"],"url":"https:\/\/galerija110795.ba\/bs\/author\/anela\/"}]}},"wpml_current_locale":"bs_BA","wpml_translations":{"bs_BA":{"locale":"bs_BA","id":985,"slug":"njkv-princeza-anne-posjetila-galeriju-110795","post_title":"Nj.K.V Princeza Anne posjetila Galeriju 11\/07\/95","href":"https:\/\/galerija110795.ba\/bs\/njkv-princeza-anne-posjetila-galeriju-110795\/"},"en_US":{"locale":"en_US","id":974,"slug":"her-royal-highness-princess-anne-visits-gallery-110795","post_title":"Her Royal Highness Princess Anne visits Gallery 11\/07\/95","href":"https:\/\/galerija110795.ba\/her-royal-highness-princess-anne-visits-gallery-110795\/"}},"_links":{"self":[{"href":"https:\/\/galerija110795.ba\/bs\/wp-json\/wp\/v2\/posts\/985","targetHints":{"allow":["GET"]}}],"collection":[{"href":"https:\/\/galerija110795.ba\/bs\/wp-json\/wp\/v2\/posts"}],"about":[{"href":"https:\/\/galerija110795.ba\/bs\/wp-json\/wp\/v2\/types\/post"}],"author":[{"embeddable":true,"href":"https:\/\/galerija110795.ba\/bs\/wp-json\/wp\/v2\/users\/2"}],"replies":[{"embeddable":true,"href":"https:\/\/galerija110795.ba\/bs\/wp-json\/wp\/v2\/comments?post=985"}],"version-history":[{"count":0,"href":"https:\/\/galerija110795.ba\/bs\/wp-json\/wp\/v2\/posts\/985\/revisions"}],"wp:featuredmedia":[{"embeddable":true,"href":"https:\/\/galerija110795.ba\/bs\/wp-json\/wp\/v2\/media\/902"}],"wp:attachment":[{"href":"https:\/\/galerija110795.ba\/bs\/wp-json\/wp\/v2\/media?parent=985"}],"wp:term":[{"taxonomy":"category","embeddable":true,"href":"https:\/\/galerija110795.ba\/bs\/wp-json\/wp\/v2\/categories?post=985"},{"taxonomy":"post_tag","embeddable":true,"href":"https:\/\/galerija110795.ba\/bs\/wp-json\/wp\/v2\/tags?post=985"}],"curies":[{"name":"wp","href":"https:\/\/api.w.org\/{rel}","templated":true}]}}