{"id":5170,"date":"2025-07-09T13:47:58","date_gmt":"2025-07-09T11:47:58","guid":{"rendered":"https:\/\/galerija110795.ba\/?p=5170"},"modified":"2025-08-26T13:56:13","modified_gmt":"2025-08-26T11:56:13","slug":"sunday-times-national-geographic-i-guardian-o-galeriji-11-07-95","status":"publish","type":"post","link":"https:\/\/galerija110795.ba\/bs\/sunday-times-national-geographic-i-guardian-o-galeriji-11-07-95\/","title":{"rendered":"Sunday Times, National Geographic i Guardian o Galeriji 11\/07\/95"},"content":{"rendered":"<div>\n<p><strong>Galerija 11\/07\/95 uvr\u0161tena u britanski<\/strong><span class=\"apple-converted-space\"><b>\u00a0<\/b><\/span><em><b>Sunday Times<\/b><\/em><\/p>\n<\/div>\n<div>\n<p><strong>The Sunday Times<\/strong>, presti\u017eni britanski list, uvrstio je Galeriju 11\/07\/95 me\u0111u preporu\u010dene destinacije za posjetiti u Sarajevu. To je jedna od najva\u017enijih kulturnih institucija u gradu. Ovaj renomirani list naveo je da je Galerija 11\/07\/95 nezaobilazno mjesto za sve koji \u017eele razumjeti kako umjetnost mo\u017ee povezati sje\u0107anje i odgovornost.<\/p>\n<\/div>\n<div>\n<p>U tekstu pod naslovom<span class=\"apple-converted-space\">\u00a0<\/span><em>The Art of Remembering<\/em>, nagla\u0161ava se da je Galerija 11\/07\/95 \u201evi\u0161e od mjesta sje\u0107anja; to je prostor koji propituje kako se trauma izla\u017ee, kako govoriti o neizrecivom i kako umjetnost mo\u017ee potaknuti odgovornost\u201c. \u201e<strong>Ti si moj svjedok<\/strong>\u201c je vode\u0107a poruka galerije koja se posebno isti\u010de, a nagla\u0161ava se i va\u017enost da svaki posjetilac preuzme ulogu eti\u010dkog svjedoka. <strong>Sunday Times<\/strong><span class=\"apple-converted-space\">\u00a0<\/span>podsje\u0107a da je Galerija 11\/07\/95 zasnovana na monografiji<span class=\"apple-converted-space\">\u00a0<\/span><em>Srebrenica<\/em><span class=\"apple-converted-space\">\u00a0<\/span>autora Tarika Samaraha, koja prikazuje crno-bijele fotografije masovnih grobnica i tihu tugu pre\u017eivjelih \u2013 sada sastavni dio stalne postavke.<\/p>\n<\/div>\n<div>\n<p>Galerija pri\u010da naraciju slojevito, koriste\u0107i fotografije, videozapise, audio i arhivski materijal, ne ostavljaju\u0107i prostor za ravnodu\u0161nost. \u201eGalerija 11\/07\/95 nije samo posjeta, ve\u0107 suo\u010davanje s pro\u0161lo\u0161\u0107u koja i dalje oblikuje na\u0161u sada\u0161njost\u201c, zaklju\u010duje<span class=\"apple-converted-space\">\u00a0<\/span><strong>Sunday Times<\/strong>, potvr\u0111uju\u0107i me\u0111unarodni zna\u010daj ove kulturne institucije kao univerzalnog simbola otpora \u0161utnji i zaboravu.<\/p>\n<\/div>\n<div>\n<p><img decoding=\"async\" class=\"img-responsive alignnone\" src=\"https:\/\/galerija110795.ba\/app\/uploads\/2025\/08\/STGAL-900x1189.jpg\" alt=\"\"\/><\/p>\n<p style=\"font-weight: 400;\"><strong>Galerija 11\/07\/95 u specijalnom izdanju<\/strong><strong>\u00a0<\/strong><em><strong>National Geographic European Cities<\/strong><\/em><\/p>\n<p style=\"font-weight: 400;\">U najnovijem specijalnom izdanju\u00a0<em>National Geographic European Cities<\/em>, me\u0111u preporu\u010denim destinacijama na\u0161la se i sarajevska Galerija 11\/07\/95. Kao prostor koji kombinira elemente muzeja i galerije, Galerija je u ovom izdanju prepoznata kao jedna od najva\u017enijih lokacija u evropskoj i svjetskoj kulturi sje\u0107anja.<\/p>\n<p style=\"font-weight: 400;\">Prema\u00a0<em>National Geographicu<\/em>, \u201eGalerija 11\/07\/95 odbija svesti tragedije na puke komemorativne geste, stavljaju\u0107i individualna iskustva i sje\u0107anja u prvi plan.\u201c Nagla\u0161ava se da je cilj Galerije da nas uklju\u010di u kontinuirani dijalog o posljedicama nasilja i sukoba, uz to \u0161to slu\u017ei kao trajni podsjetnik na pro\u0161lost. Upe\u010datljive crno-bijele fotografije Tarika Samaraha, adaptirane iz monografije\u00a0<em>Srebrenica<\/em>\u00a0u provokativno vizualno iskustvo, predstavljaju sredi\u0161nju ta\u010dku stalne postavke.<\/p>\n<p style=\"font-weight: 400;\">Prema \u010dasopisu, \u201eizlo\u017eba ne samo da prepri\u010dava doga\u0111aje genocida; ona isti\u010de dalekose\u017ene posljedice takvih zlo\u010dina, kao i dubok i trajan utjecaj na \u017ertve i njihove zajednice.\u201c \u201eTi si moj svjedok\u201c je centralna poruka Galerije koja zauzima posebno mjesto u tekstu. Karakterizirana je kao poziv na akciju, koji podsje\u0107a svakog posjetioca da je svjedo\u010denje du\u017enost koja poma\u017ee u spre\u010davanju ponavljanja zlo\u010dina. Kako navodi\u00a0<em>National Geographic<\/em>, vjera Galerije u umjetnost i kulturu \u201ekao snagu rehumanizacije\u201c potvr\u0111uje njenu poziciju u globalnoj borbi protiv zaborava i apatije, kao i u o\u010duvanju sje\u0107anja na Srebrenicu.<\/p>\n<p><img decoding=\"async\" class=\"img-responsive alignnone\" src=\"https:\/\/galerija110795.ba\/app\/uploads\/2025\/08\/IMG_2856-900x1190.jpg\" alt=\"\"\/><\/p>\n<p style=\"font-weight: 400;\"><strong>The Guardian<\/strong><\/p>\n<p style=\"font-weight: 400;\">\u010clanak u\u00a0<em>Guardianu<\/em>\u00a0o sarajevskoj Galeriji 11\/07\/95, koja se profilisala kao jedno od najzna\u010dajnijih mjesta sje\u0107anja u Evropi, zapo\u010dinje rije\u010dima:<\/p>\n<p style=\"font-weight: 400;\"><strong>\u201eZakora\u010dite u Galeriju 11\/07\/95, gdje vas ne do\u010dekuje ti\u0161ina, ve\u0107 prisustvo. Smje\u0161tena u historijskom centru Sarajeva, ova galerija bri\u0161e granicu izme\u0111u galerije i memorijala, pozivaju\u0107i posjetioce da svjedo\u010de jednom od najbolnijih poglavlja Evrope: genocidu u Srebrenici. Ali ambicija galerije ide dalje od sje\u0107anja. Njena misija nije samo o\u010duvanje pro\u0161losti, ve\u0107 i hitnosti sada\u0161njosti &#8211; suo\u010diti se s ideologijama i dinamikom koje omogu\u0107avaju takve zlo\u010dine. Time se nada da \u0107e sje\u0107anje transformirati u otpor.\u201c<\/strong><\/p>\n<p style=\"font-weight: 400;\"><em>Guardian<\/em>\u00a0nagla\u0161ava vrijednost izlo\u017ebe kao mjesta koje \u201e\u010duva ne samo sje\u0107anje, ve\u0107 i hitnost sada\u0161njosti\u201c, u svjetlu 30. godi\u0161njice genocida u Srebrenici. Multimedijalne postavke transformi\u0161u posjetioce u \u201eu\u010desnike u kulturi sje\u0107anja, a ne u pasivne posmatra\u010de\u201c. Pristup Galerije usmjeren je na poruku koju svaki posjetilac prima:\u00a0<strong>\u201eTi si moj svjedok.\u201c<\/strong>\u00a0Sje\u0107anje nije arhiva, ve\u0107\u00a0<strong>\u201ekontinuiran proces koji zahtijeva pa\u017enju, empatiju i anga\u017eman.\u201c<\/strong><\/p>\n<p style=\"font-weight: 400;\">Izlo\u017eena je i monografija Tarika Samaraha\u00a0<em>Srebrenica<\/em>, koja uklju\u010duje fotografije \u201ekoje prikazuju mjesta koja jo\u0161 uvijek nose duboke o\u017eiljke pro\u0161lih trauma\u201c. Osim toga, tu su i memorijalni film, interaktivna hronologija, memorijalni zid i portretne fotografije \u017ertava, sve to \u201euravnote\u017euje dokumentarnu ta\u010dnost s umjetni\u010dkim izrazom\u201c. Prema\u00a0<em>The Guardianu<\/em>, \u201eovaj pristup povezuje se s pitanjima predstavljanja traume u umjetnosti s granicama njenog prikazivanja i potrebom za novim izraznim oblicima. Budu\u0107i da se trauma opire tradicionalnim narativnim strukturama, ona zahtijeva forme koje ne govore u ime onih koji su pretrpjeli, ve\u0107 se postavljaju u solidarnost s tim iskustvom.\u201c<\/p>\n<p style=\"font-weight: 400;\"><img decoding=\"async\" class=\"img-responsive alignnone\" src=\"https:\/\/galerija110795.ba\/app\/uploads\/2025\/08\/IMG_2855-900x1180.jpg\" alt=\"\"\/><\/p>\n<\/div>\n","protected":false},"excerpt":{"rendered":"<p>Galerija 11\/07\/95 uvr\u0161tena u britanski\u00a0Sunday Times The Sunday Times, presti\u017eni britanski list, uvrstio je Galeriju 11\/07\/95 me\u0111u preporu\u010dene destinacije za posjetiti u Sarajevu. To je jedna od najva\u017enijih kulturnih institucija u gradu. Ovaj renomirani list naveo je da je Galerija 11\/07\/95 nezaobilazno mjesto za sve koji \u017eele razumjeti kako umjetnost mo\u017ee povezati sje\u0107anje i odgovornost. &hellip; <a href=\"https:\/\/galerija110795.ba\/bs\/sunday-times-national-geographic-i-guardian-o-galeriji-11-07-95\/\">Continued<\/a><\/p>\n","protected":false},"author":3,"featured_media":5106,"comment_status":"closed","ping_status":"open","sticky":false,"template":"","format":"standard","meta":{"_acf_changed":false,"footnotes":""},"categories":[1],"tags":[],"class_list":["post-5170","post","type-post","status-publish","format-standard","has-post-thumbnail","hentry","category-aktuelno"],"acf":[],"yoast_head":"<!-- This site is optimized with the Yoast SEO plugin v26.8 - https:\/\/yoast.com\/product\/yoast-seo-wordpress\/ -->\n<title>Sunday Times, National Geographic i Guardian o Galeriji 11\/07\/95 - Galerija 11\/07\/95<\/title>\n<meta name=\"description\" content=\"Presti\u017eni britanski list The Sunday Times uvrstio je Galeriju 11\/07\/95 me\u0111u preporu\u010dene destinacije u Sarajevu, isti\u010du\u0107i je kao nezaobilazno mjesto za razumijevanje povezanosti umjetnosti, sje\u0107anja i odgovornosti. U tekstu pod naslovom The Art of Remembering, nagla\u0161ava se da je Galerija \u201evi\u0161e od mjesta sje\u0107anja, to je prostor koji propituje kako se trauma izla\u017ee i kako umjetnost mo\u017ee potaknuti odgovornost\u201c. Poruka \u201eTi si moj svjedok\u201c izdvojena je kao centralna, a Galerija prepoznata kao univerzalni simbol otpora \u0161utnji i zaboravu.\" \/>\n<meta name=\"robots\" content=\"index, follow, max-snippet:-1, max-image-preview:large, max-video-preview:-1\" \/>\n<link rel=\"canonical\" href=\"https:\/\/galerija110795.ba\/bs\/sunday-times-national-geographic-i-guardian-o-galeriji-11-07-95\/\" \/>\n<meta property=\"og:locale\" content=\"bs_BA\" \/>\n<meta property=\"og:type\" content=\"article\" \/>\n<meta property=\"og:title\" content=\"Sunday Times, National Geographic i Guardian o Galeriji 11\/07\/95 - Galerija 11\/07\/95\" \/>\n<meta property=\"og:description\" content=\"Presti\u017eni britanski list The Sunday Times uvrstio je Galeriju 11\/07\/95 me\u0111u preporu\u010dene destinacije u Sarajevu, isti\u010du\u0107i je kao nezaobilazno mjesto za razumijevanje povezanosti umjetnosti, sje\u0107anja i odgovornosti. U tekstu pod naslovom The Art of Remembering, nagla\u0161ava se da je Galerija \u201evi\u0161e od mjesta sje\u0107anja, to je prostor koji propituje kako se trauma izla\u017ee i kako umjetnost mo\u017ee potaknuti odgovornost\u201c. Poruka \u201eTi si moj svjedok\u201c izdvojena je kao centralna, a Galerija prepoznata kao univerzalni simbol otpora \u0161utnji i zaboravu.\" \/>\n<meta property=\"og:url\" content=\"https:\/\/galerija110795.ba\/bs\/sunday-times-national-geographic-i-guardian-o-galeriji-11-07-95\/\" \/>\n<meta property=\"og:site_name\" content=\"Galerija 11\/07\/95\" \/>\n<meta property=\"article:published_time\" content=\"2025-07-09T11:47:58+00:00\" \/>\n<meta property=\"article:modified_time\" content=\"2025-08-26T11:56:13+00:00\" \/>\n<meta property=\"og:image\" content=\"https:\/\/galerija110795.ba\/app\/uploads\/2025\/08\/IMG_2855.jpg\" \/>\n\t<meta property=\"og:image:width\" content=\"1290\" \/>\n\t<meta property=\"og:image:height\" content=\"1691\" \/>\n\t<meta property=\"og:image:type\" content=\"image\/jpeg\" \/>\n<meta name=\"author\" content=\"editor\" \/>\n<meta name=\"twitter:card\" content=\"summary_large_image\" \/>\n<meta name=\"twitter:label1\" content=\"Written by\" \/>\n\t<meta name=\"twitter:data1\" content=\"editor\" \/>\n\t<meta name=\"twitter:label2\" content=\"Est. reading time\" \/>\n\t<meta name=\"twitter:data2\" content=\"4 minute\" \/>\n<script type=\"application\/ld+json\" class=\"yoast-schema-graph\">{\"@context\":\"https:\/\/schema.org\",\"@graph\":[{\"@type\":\"Article\",\"@id\":\"https:\/\/galerija110795.ba\/bs\/sunday-times-national-geographic-i-guardian-o-galeriji-11-07-95\/#article\",\"isPartOf\":{\"@id\":\"https:\/\/galerija110795.ba\/bs\/sunday-times-national-geographic-i-guardian-o-galeriji-11-07-95\/\"},\"author\":{\"name\":\"editor\",\"@id\":\"https:\/\/galerija110795.ba\/#\/schema\/person\/af0a9c8c91261b0e9711b99689e8cacf\"},\"headline\":\"Sunday Times, National Geographic i Guardian o Galeriji 11\/07\/95\",\"datePublished\":\"2025-07-09T11:47:58+00:00\",\"dateModified\":\"2025-08-26T11:56:13+00:00\",\"mainEntityOfPage\":{\"@id\":\"https:\/\/galerija110795.ba\/bs\/sunday-times-national-geographic-i-guardian-o-galeriji-11-07-95\/\"},\"wordCount\":748,\"publisher\":{\"@id\":\"https:\/\/galerija110795.ba\/#organization\"},\"image\":{\"@id\":\"https:\/\/galerija110795.ba\/bs\/sunday-times-national-geographic-i-guardian-o-galeriji-11-07-95\/#primaryimage\"},\"thumbnailUrl\":\"https:\/\/galerija110795.ba\/app\/uploads\/2025\/08\/IMG_2855.jpg\",\"articleSection\":[\"Aktuelno\"],\"inLanguage\":\"bs-BA\"},{\"@type\":\"WebPage\",\"@id\":\"https:\/\/galerija110795.ba\/bs\/sunday-times-national-geographic-i-guardian-o-galeriji-11-07-95\/\",\"url\":\"https:\/\/galerija110795.ba\/bs\/sunday-times-national-geographic-i-guardian-o-galeriji-11-07-95\/\",\"name\":\"Sunday Times, National Geographic i Guardian o Galeriji 11\/07\/95 - Galerija 11\/07\/95\",\"isPartOf\":{\"@id\":\"https:\/\/galerija110795.ba\/#website\"},\"primaryImageOfPage\":{\"@id\":\"https:\/\/galerija110795.ba\/bs\/sunday-times-national-geographic-i-guardian-o-galeriji-11-07-95\/#primaryimage\"},\"image\":{\"@id\":\"https:\/\/galerija110795.ba\/bs\/sunday-times-national-geographic-i-guardian-o-galeriji-11-07-95\/#primaryimage\"},\"thumbnailUrl\":\"https:\/\/galerija110795.ba\/app\/uploads\/2025\/08\/IMG_2855.jpg\",\"datePublished\":\"2025-07-09T11:47:58+00:00\",\"dateModified\":\"2025-08-26T11:56:13+00:00\",\"description\":\"Presti\u017eni britanski list The Sunday Times uvrstio je Galeriju 11\/07\/95 me\u0111u preporu\u010dene destinacije u Sarajevu, isti\u010du\u0107i je kao nezaobilazno mjesto za razumijevanje povezanosti umjetnosti, sje\u0107anja i odgovornosti. U tekstu pod naslovom The Art of Remembering, nagla\u0161ava se da je Galerija \u201evi\u0161e od mjesta sje\u0107anja, to je prostor koji propituje kako se trauma izla\u017ee i kako umjetnost mo\u017ee potaknuti odgovornost\u201c. Poruka \u201eTi si moj svjedok\u201c izdvojena je kao centralna, a Galerija prepoznata kao univerzalni simbol otpora \u0161utnji i zaboravu.\",\"breadcrumb\":{\"@id\":\"https:\/\/galerija110795.ba\/bs\/sunday-times-national-geographic-i-guardian-o-galeriji-11-07-95\/#breadcrumb\"},\"inLanguage\":\"bs-BA\",\"potentialAction\":[{\"@type\":\"ReadAction\",\"target\":[\"https:\/\/galerija110795.ba\/bs\/sunday-times-national-geographic-i-guardian-o-galeriji-11-07-95\/\"]}]},{\"@type\":\"ImageObject\",\"inLanguage\":\"bs-BA\",\"@id\":\"https:\/\/galerija110795.ba\/bs\/sunday-times-national-geographic-i-guardian-o-galeriji-11-07-95\/#primaryimage\",\"url\":\"https:\/\/galerija110795.ba\/app\/uploads\/2025\/08\/IMG_2855.jpg\",\"contentUrl\":\"https:\/\/galerija110795.ba\/app\/uploads\/2025\/08\/IMG_2855.jpg\",\"width\":1290,\"height\":1691},{\"@type\":\"BreadcrumbList\",\"@id\":\"https:\/\/galerija110795.ba\/bs\/sunday-times-national-geographic-i-guardian-o-galeriji-11-07-95\/#breadcrumb\",\"itemListElement\":[{\"@type\":\"ListItem\",\"position\":1,\"name\":\"Home\",\"item\":\"https:\/\/galerija110795.ba\/\"},{\"@type\":\"ListItem\",\"position\":2,\"name\":\"Sunday Times, National Geographic i Guardian o Galeriji 11\/07\/95\"}]},{\"@type\":\"WebSite\",\"@id\":\"https:\/\/galerija110795.ba\/#website\",\"url\":\"https:\/\/galerija110795.ba\/\",\"name\":\"Galerija 11\/07\/95\",\"description\":\"Prva memorijalna galerija u Bosni i Hercegovini, izlo\u017ebeni prostor kojem je cilj o\u010duvati sje\u0107anja na  tragediju Srebrenice i 8372 osobe tragi\u010dno stradale u srebreni\u010dkom genocidu.\",\"publisher\":{\"@id\":\"https:\/\/galerija110795.ba\/#organization\"},\"potentialAction\":[{\"@type\":\"SearchAction\",\"target\":{\"@type\":\"EntryPoint\",\"urlTemplate\":\"https:\/\/galerija110795.ba\/?s={search_term_string}\"},\"query-input\":{\"@type\":\"PropertyValueSpecification\",\"valueRequired\":true,\"valueName\":\"search_term_string\"}}],\"inLanguage\":\"bs-BA\"},{\"@type\":\"Organization\",\"@id\":\"https:\/\/galerija110795.ba\/#organization\",\"name\":\"Galerija 11\/07\/95\",\"url\":\"https:\/\/galerija110795.ba\/\",\"logo\":{\"@type\":\"ImageObject\",\"inLanguage\":\"bs-BA\",\"@id\":\"https:\/\/galerija110795.ba\/#\/schema\/logo\/image\/\",\"url\":\"https:\/\/galerija110795.ba\/app\/uploads\/2013\/09\/galerija_110795_logo.png\",\"contentUrl\":\"https:\/\/galerija110795.ba\/app\/uploads\/2013\/09\/galerija_110795_logo.png\",\"width\":1254,\"height\":408,\"caption\":\"Galerija 11\/07\/95\"},\"image\":{\"@id\":\"https:\/\/galerija110795.ba\/#\/schema\/logo\/image\/\"}},{\"@type\":\"Person\",\"@id\":\"https:\/\/galerija110795.ba\/#\/schema\/person\/af0a9c8c91261b0e9711b99689e8cacf\",\"name\":\"editor\",\"image\":{\"@type\":\"ImageObject\",\"inLanguage\":\"bs-BA\",\"@id\":\"https:\/\/galerija110795.ba\/#\/schema\/person\/image\/\",\"url\":\"https:\/\/secure.gravatar.com\/avatar\/ae92a6b059d73271ba94f17e36bce64d10cf523d83cc8dda3e5415930be67445?s=96&d=mm&r=g\",\"contentUrl\":\"https:\/\/secure.gravatar.com\/avatar\/ae92a6b059d73271ba94f17e36bce64d10cf523d83cc8dda3e5415930be67445?s=96&d=mm&r=g\",\"caption\":\"editor\"},\"url\":\"https:\/\/galerija110795.ba\/bs\/author\/editor\/\"}]}<\/script>\n<!-- \/ Yoast SEO plugin. -->","yoast_head_json":{"title":"Sunday Times, National Geographic i Guardian o Galeriji 11\/07\/95 - Galerija 11\/07\/95","description":"Presti\u017eni britanski list The Sunday Times uvrstio je Galeriju 11\/07\/95 me\u0111u preporu\u010dene destinacije u Sarajevu, isti\u010du\u0107i je kao nezaobilazno mjesto za razumijevanje povezanosti umjetnosti, sje\u0107anja i odgovornosti. U tekstu pod naslovom The Art of Remembering, nagla\u0161ava se da je Galerija \u201evi\u0161e od mjesta sje\u0107anja, to je prostor koji propituje kako se trauma izla\u017ee i kako umjetnost mo\u017ee potaknuti odgovornost\u201c. Poruka \u201eTi si moj svjedok\u201c izdvojena je kao centralna, a Galerija prepoznata kao univerzalni simbol otpora \u0161utnji i zaboravu.","robots":{"index":"index","follow":"follow","max-snippet":"max-snippet:-1","max-image-preview":"max-image-preview:large","max-video-preview":"max-video-preview:-1"},"canonical":"https:\/\/galerija110795.ba\/bs\/sunday-times-national-geographic-i-guardian-o-galeriji-11-07-95\/","og_locale":"bs_BA","og_type":"article","og_title":"Sunday Times, National Geographic i Guardian o Galeriji 11\/07\/95 - Galerija 11\/07\/95","og_description":"Presti\u017eni britanski list The Sunday Times uvrstio je Galeriju 11\/07\/95 me\u0111u preporu\u010dene destinacije u Sarajevu, isti\u010du\u0107i je kao nezaobilazno mjesto za razumijevanje povezanosti umjetnosti, sje\u0107anja i odgovornosti. U tekstu pod naslovom The Art of Remembering, nagla\u0161ava se da je Galerija \u201evi\u0161e od mjesta sje\u0107anja, to je prostor koji propituje kako se trauma izla\u017ee i kako umjetnost mo\u017ee potaknuti odgovornost\u201c. Poruka \u201eTi si moj svjedok\u201c izdvojena je kao centralna, a Galerija prepoznata kao univerzalni simbol otpora \u0161utnji i zaboravu.","og_url":"https:\/\/galerija110795.ba\/bs\/sunday-times-national-geographic-i-guardian-o-galeriji-11-07-95\/","og_site_name":"Galerija 11\/07\/95","article_published_time":"2025-07-09T11:47:58+00:00","article_modified_time":"2025-08-26T11:56:13+00:00","og_image":[{"width":1290,"height":1691,"url":"https:\/\/galerija110795.ba\/app\/uploads\/2025\/08\/IMG_2855.jpg","type":"image\/jpeg"}],"author":"editor","twitter_card":"summary_large_image","twitter_misc":{"Written by":"editor","Est. reading time":"4 minute"},"schema":{"@context":"https:\/\/schema.org","@graph":[{"@type":"Article","@id":"https:\/\/galerija110795.ba\/bs\/sunday-times-national-geographic-i-guardian-o-galeriji-11-07-95\/#article","isPartOf":{"@id":"https:\/\/galerija110795.ba\/bs\/sunday-times-national-geographic-i-guardian-o-galeriji-11-07-95\/"},"author":{"name":"editor","@id":"https:\/\/galerija110795.ba\/#\/schema\/person\/af0a9c8c91261b0e9711b99689e8cacf"},"headline":"Sunday Times, National Geographic i Guardian o Galeriji 11\/07\/95","datePublished":"2025-07-09T11:47:58+00:00","dateModified":"2025-08-26T11:56:13+00:00","mainEntityOfPage":{"@id":"https:\/\/galerija110795.ba\/bs\/sunday-times-national-geographic-i-guardian-o-galeriji-11-07-95\/"},"wordCount":748,"publisher":{"@id":"https:\/\/galerija110795.ba\/#organization"},"image":{"@id":"https:\/\/galerija110795.ba\/bs\/sunday-times-national-geographic-i-guardian-o-galeriji-11-07-95\/#primaryimage"},"thumbnailUrl":"https:\/\/galerija110795.ba\/app\/uploads\/2025\/08\/IMG_2855.jpg","articleSection":["Aktuelno"],"inLanguage":"bs-BA"},{"@type":"WebPage","@id":"https:\/\/galerija110795.ba\/bs\/sunday-times-national-geographic-i-guardian-o-galeriji-11-07-95\/","url":"https:\/\/galerija110795.ba\/bs\/sunday-times-national-geographic-i-guardian-o-galeriji-11-07-95\/","name":"Sunday Times, National Geographic i Guardian o Galeriji 11\/07\/95 - Galerija 11\/07\/95","isPartOf":{"@id":"https:\/\/galerija110795.ba\/#website"},"primaryImageOfPage":{"@id":"https:\/\/galerija110795.ba\/bs\/sunday-times-national-geographic-i-guardian-o-galeriji-11-07-95\/#primaryimage"},"image":{"@id":"https:\/\/galerija110795.ba\/bs\/sunday-times-national-geographic-i-guardian-o-galeriji-11-07-95\/#primaryimage"},"thumbnailUrl":"https:\/\/galerija110795.ba\/app\/uploads\/2025\/08\/IMG_2855.jpg","datePublished":"2025-07-09T11:47:58+00:00","dateModified":"2025-08-26T11:56:13+00:00","description":"Presti\u017eni britanski list The Sunday Times uvrstio je Galeriju 11\/07\/95 me\u0111u preporu\u010dene destinacije u Sarajevu, isti\u010du\u0107i je kao nezaobilazno mjesto za razumijevanje povezanosti umjetnosti, sje\u0107anja i odgovornosti. U tekstu pod naslovom The Art of Remembering, nagla\u0161ava se da je Galerija \u201evi\u0161e od mjesta sje\u0107anja, to je prostor koji propituje kako se trauma izla\u017ee i kako umjetnost mo\u017ee potaknuti odgovornost\u201c. Poruka \u201eTi si moj svjedok\u201c izdvojena je kao centralna, a Galerija prepoznata kao univerzalni simbol otpora \u0161utnji i zaboravu.","breadcrumb":{"@id":"https:\/\/galerija110795.ba\/bs\/sunday-times-national-geographic-i-guardian-o-galeriji-11-07-95\/#breadcrumb"},"inLanguage":"bs-BA","potentialAction":[{"@type":"ReadAction","target":["https:\/\/galerija110795.ba\/bs\/sunday-times-national-geographic-i-guardian-o-galeriji-11-07-95\/"]}]},{"@type":"ImageObject","inLanguage":"bs-BA","@id":"https:\/\/galerija110795.ba\/bs\/sunday-times-national-geographic-i-guardian-o-galeriji-11-07-95\/#primaryimage","url":"https:\/\/galerija110795.ba\/app\/uploads\/2025\/08\/IMG_2855.jpg","contentUrl":"https:\/\/galerija110795.ba\/app\/uploads\/2025\/08\/IMG_2855.jpg","width":1290,"height":1691},{"@type":"BreadcrumbList","@id":"https:\/\/galerija110795.ba\/bs\/sunday-times-national-geographic-i-guardian-o-galeriji-11-07-95\/#breadcrumb","itemListElement":[{"@type":"ListItem","position":1,"name":"Home","item":"https:\/\/galerija110795.ba\/"},{"@type":"ListItem","position":2,"name":"Sunday Times, National Geographic i Guardian o Galeriji 11\/07\/95"}]},{"@type":"WebSite","@id":"https:\/\/galerija110795.ba\/#website","url":"https:\/\/galerija110795.ba\/","name":"Galerija 11\/07\/95","description":"Prva memorijalna galerija u Bosni i Hercegovini, izlo\u017ebeni prostor kojem je cilj o\u010duvati sje\u0107anja na  tragediju Srebrenice i 8372 osobe tragi\u010dno stradale u srebreni\u010dkom genocidu.","publisher":{"@id":"https:\/\/galerija110795.ba\/#organization"},"potentialAction":[{"@type":"SearchAction","target":{"@type":"EntryPoint","urlTemplate":"https:\/\/galerija110795.ba\/?s={search_term_string}"},"query-input":{"@type":"PropertyValueSpecification","valueRequired":true,"valueName":"search_term_string"}}],"inLanguage":"bs-BA"},{"@type":"Organization","@id":"https:\/\/galerija110795.ba\/#organization","name":"Galerija 11\/07\/95","url":"https:\/\/galerija110795.ba\/","logo":{"@type":"ImageObject","inLanguage":"bs-BA","@id":"https:\/\/galerija110795.ba\/#\/schema\/logo\/image\/","url":"https:\/\/galerija110795.ba\/app\/uploads\/2013\/09\/galerija_110795_logo.png","contentUrl":"https:\/\/galerija110795.ba\/app\/uploads\/2013\/09\/galerija_110795_logo.png","width":1254,"height":408,"caption":"Galerija 11\/07\/95"},"image":{"@id":"https:\/\/galerija110795.ba\/#\/schema\/logo\/image\/"}},{"@type":"Person","@id":"https:\/\/galerija110795.ba\/#\/schema\/person\/af0a9c8c91261b0e9711b99689e8cacf","name":"editor","image":{"@type":"ImageObject","inLanguage":"bs-BA","@id":"https:\/\/galerija110795.ba\/#\/schema\/person\/image\/","url":"https:\/\/secure.gravatar.com\/avatar\/ae92a6b059d73271ba94f17e36bce64d10cf523d83cc8dda3e5415930be67445?s=96&d=mm&r=g","contentUrl":"https:\/\/secure.gravatar.com\/avatar\/ae92a6b059d73271ba94f17e36bce64d10cf523d83cc8dda3e5415930be67445?s=96&d=mm&r=g","caption":"editor"},"url":"https:\/\/galerija110795.ba\/bs\/author\/editor\/"}]}},"wpml_current_locale":"bs_BA","wpml_translations":{"bs_BA":{"locale":"bs_BA","id":5170,"slug":"sunday-times-national-geographic-i-guardian-o-galeriji-11-07-95","post_title":"Sunday Times, National Geographic i Guardian o Galeriji 11\/07\/95","href":"https:\/\/galerija110795.ba\/bs\/sunday-times-national-geographic-i-guardian-o-galeriji-11-07-95\/"},"en_US":{"locale":"en_US","id":5104,"slug":"gallery-11-07-95-in-the-sunday-times-national-geographic-and-the-guardian","post_title":"Gallery 11\/07\/95 in The Sunday Times, National Geographic and The Guardian","href":"https:\/\/galerija110795.ba\/gallery-11-07-95-in-the-sunday-times-national-geographic-and-the-guardian\/"}},"_links":{"self":[{"href":"https:\/\/galerija110795.ba\/bs\/wp-json\/wp\/v2\/posts\/5170","targetHints":{"allow":["GET"]}}],"collection":[{"href":"https:\/\/galerija110795.ba\/bs\/wp-json\/wp\/v2\/posts"}],"about":[{"href":"https:\/\/galerija110795.ba\/bs\/wp-json\/wp\/v2\/types\/post"}],"author":[{"embeddable":true,"href":"https:\/\/galerija110795.ba\/bs\/wp-json\/wp\/v2\/users\/3"}],"replies":[{"embeddable":true,"href":"https:\/\/galerija110795.ba\/bs\/wp-json\/wp\/v2\/comments?post=5170"}],"version-history":[{"count":1,"href":"https:\/\/galerija110795.ba\/bs\/wp-json\/wp\/v2\/posts\/5170\/revisions"}],"predecessor-version":[{"id":5171,"href":"https:\/\/galerija110795.ba\/bs\/wp-json\/wp\/v2\/posts\/5170\/revisions\/5171"}],"wp:featuredmedia":[{"embeddable":true,"href":"https:\/\/galerija110795.ba\/bs\/wp-json\/wp\/v2\/media\/5106"}],"wp:attachment":[{"href":"https:\/\/galerija110795.ba\/bs\/wp-json\/wp\/v2\/media?parent=5170"}],"wp:term":[{"taxonomy":"category","embeddable":true,"href":"https:\/\/galerija110795.ba\/bs\/wp-json\/wp\/v2\/categories?post=5170"},{"taxonomy":"post_tag","embeddable":true,"href":"https:\/\/galerija110795.ba\/bs\/wp-json\/wp\/v2\/tags?post=5170"}],"curies":[{"name":"wp","href":"https:\/\/api.w.org\/{rel}","templated":true}]}}