{"id":4803,"date":"2022-10-17T13:23:33","date_gmt":"2022-10-17T11:23:33","guid":{"rendered":"https:\/\/galerija110795.ba\/?p=4803"},"modified":"2022-11-20T12:39:30","modified_gmt":"2022-11-20T11:39:30","slug":"barbara-gluck-direktorica-mauthausen-memorijala-u-posjeti-galeriji-11-07-95","status":"publish","type":"post","link":"https:\/\/galerija110795.ba\/bs\/barbara-gluck-direktorica-mauthausen-memorijala-u-posjeti-galeriji-11-07-95\/","title":{"rendered":"Barbara Gl\u00fcck, direktorica Mauthausen memorijala u posjeti Galeriji 11\/07\/95"},"content":{"rendered":"<p style=\"text-align: left;\"><img decoding=\"async\" class=\"img-responsive alignleft\" src=\"https:\/\/galerija110795.ba\/app\/uploads\/2022\/11\/311706185_527724852694137_8264730609460315593_n.jpeg\" alt=\"\" \/>Barbara Gl\u00fcck, direktorica Mauthausen memorijala iz Austrije, posjetila je zajedno sa svojim saradnicima Galeriju 11\/07\/95. Delegaciju je kroz izlo\u017ebu proveo Tarik Samarah, direktor i osniva\u010d Galerije.<\/p>\n<p style=\"text-align: left;\">Gospodin Samarah je gospo\u0111i Gl\u00fcck poklonio svoju monografiju \u201cSrebrenica\u201d kao i print fotografije na kojoj je prikazana majka iz Srebrenice ispred ku\u0107e Ane Frank u Amsterdamu.<\/p>\n<p style=\"text-align: left;\">Nakon posjete, direktorica Gl\u00fcck je izjavila:<\/p>\n<p style=\"text-align: left;\"><em>\u201cFotografije Tarika Samaraha su va\u017ean dokaz po\u010dinjenih zlo\u010dina. Galerija 11\/07\/95 o\u017eivljava lica \u017ertava i ilustrira socijalnu trauma\u201d.<\/em><\/p>\n","protected":false},"excerpt":{"rendered":"<p>Barbara Gl\u00fcck, direktorica Mauthausen memorijala iz Austrije, posjetila je zajedno sa svojim saradnicima Galeriju 11\/07\/95. Delegaciju je kroz izlo\u017ebu proveo Tarik Samarah, direktor i osniva\u010d Galerije. Gospodin Samarah je gospo\u0111i Gl\u00fcck poklonio svoju monografiju \u201cSrebrenica\u201d kao i print fotografije na kojoj je prikazana majka iz Srebrenice ispred ku\u0107e Ane Frank u Amsterdamu. Nakon posjete, direktorica &hellip; <a href=\"https:\/\/galerija110795.ba\/bs\/barbara-gluck-direktorica-mauthausen-memorijala-u-posjeti-galeriji-11-07-95\/\">Continued<\/a><\/p>\n","protected":false},"author":3,"featured_media":4794,"comment_status":"closed","ping_status":"open","sticky":false,"template":"","format":"standard","meta":{"_acf_changed":false,"footnotes":""},"categories":[1],"tags":[98,7,31,44,97,19,27],"class_list":["post-4803","post","type-post","status-publish","format-standard","has-post-thumbnail","hentry","category-aktuelno","tag-barbara-gluck-bs","tag-galerija-110795","tag-genocid","tag-kultura-sjecanja","tag-mauthausen-memorijal","tag-srebrenica","tag-tarik-samarah"],"acf":[],"yoast_head":"<!-- This site is optimized with the Yoast SEO plugin v26.8 - https:\/\/yoast.com\/product\/yoast-seo-wordpress\/ -->\n<title>Barbara Gl\u00fcck, direktorica Mauthausen memorijala u posjeti Galeriji 11\/07\/95 - Galerija 11\/07\/95<\/title>\n<meta name=\"robots\" content=\"index, follow, max-snippet:-1, max-image-preview:large, max-video-preview:-1\" \/>\n<link rel=\"canonical\" href=\"https:\/\/galerija110795.ba\/bs\/barbara-gluck-direktorica-mauthausen-memorijala-u-posjeti-galeriji-11-07-95\/\" \/>\n<meta property=\"og:locale\" content=\"bs_BA\" \/>\n<meta property=\"og:type\" content=\"article\" \/>\n<meta property=\"og:title\" content=\"Barbara Gl\u00fcck, direktorica Mauthausen memorijala u posjeti Galeriji 11\/07\/95 - Galerija 11\/07\/95\" \/>\n<meta property=\"og:description\" content=\"Barbara Gl\u00fcck, direktorica Mauthausen memorijala iz Austrije, posjetila je zajedno sa svojim saradnicima Galeriju 11\/07\/95. Delegaciju je kroz izlo\u017ebu proveo Tarik Samarah, direktor i osniva\u010d Galerije. Gospodin Samarah je gospo\u0111i Gl\u00fcck poklonio svoju monografiju \u201cSrebrenica\u201d kao i print fotografije na kojoj je prikazana majka iz Srebrenice ispred ku\u0107e Ane Frank u Amsterdamu. Nakon posjete, direktorica &hellip; Continued\" \/>\n<meta property=\"og:url\" content=\"https:\/\/galerija110795.ba\/bs\/barbara-gluck-direktorica-mauthausen-memorijala-u-posjeti-galeriji-11-07-95\/\" \/>\n<meta property=\"og:site_name\" content=\"Galerija 11\/07\/95\" \/>\n<meta property=\"article:published_time\" content=\"2022-10-17T11:23:33+00:00\" \/>\n<meta property=\"article:modified_time\" content=\"2022-11-20T11:39:30+00:00\" \/>\n<meta property=\"og:image\" content=\"https:\/\/galerija110795.ba\/app\/uploads\/2022\/11\/311706185_527724852694137_8264730609460315593_n.jpeg\" \/>\n\t<meta property=\"og:image:width\" content=\"628\" \/>\n\t<meta property=\"og:image:height\" content=\"960\" \/>\n\t<meta property=\"og:image:type\" content=\"image\/jpeg\" \/>\n<meta name=\"author\" content=\"editor\" \/>\n<meta name=\"twitter:card\" content=\"summary_large_image\" \/>\n<meta name=\"twitter:label1\" content=\"Written by\" \/>\n\t<meta name=\"twitter:data1\" content=\"editor\" \/>\n<script type=\"application\/ld+json\" class=\"yoast-schema-graph\">{\"@context\":\"https:\/\/schema.org\",\"@graph\":[{\"@type\":\"Article\",\"@id\":\"https:\/\/galerija110795.ba\/bs\/barbara-gluck-direktorica-mauthausen-memorijala-u-posjeti-galeriji-11-07-95\/#article\",\"isPartOf\":{\"@id\":\"https:\/\/galerija110795.ba\/bs\/barbara-gluck-direktorica-mauthausen-memorijala-u-posjeti-galeriji-11-07-95\/\"},\"author\":{\"name\":\"editor\",\"@id\":\"https:\/\/galerija110795.ba\/#\/schema\/person\/af0a9c8c91261b0e9711b99689e8cacf\"},\"headline\":\"Barbara Gl\u00fcck, direktorica Mauthausen memorijala u posjeti Galeriji 11\/07\/95\",\"datePublished\":\"2022-10-17T11:23:33+00:00\",\"dateModified\":\"2022-11-20T11:39:30+00:00\",\"mainEntityOfPage\":{\"@id\":\"https:\/\/galerija110795.ba\/bs\/barbara-gluck-direktorica-mauthausen-memorijala-u-posjeti-galeriji-11-07-95\/\"},\"wordCount\":92,\"publisher\":{\"@id\":\"https:\/\/galerija110795.ba\/#organization\"},\"image\":{\"@id\":\"https:\/\/galerija110795.ba\/bs\/barbara-gluck-direktorica-mauthausen-memorijala-u-posjeti-galeriji-11-07-95\/#primaryimage\"},\"thumbnailUrl\":\"https:\/\/galerija110795.ba\/app\/uploads\/2022\/11\/311706185_527724852694137_8264730609460315593_n.jpeg\",\"keywords\":[\"Barbara Gl\u00fcck\",\"Galerija 11\/07\/95\",\"genocid\",\"kultura sje\u0107anja\",\"Mauthausen memorijal\",\"Srebrenica\",\"Tarik Samarah\"],\"articleSection\":[\"Aktuelno\"],\"inLanguage\":\"bs-BA\"},{\"@type\":\"WebPage\",\"@id\":\"https:\/\/galerija110795.ba\/bs\/barbara-gluck-direktorica-mauthausen-memorijala-u-posjeti-galeriji-11-07-95\/\",\"url\":\"https:\/\/galerija110795.ba\/bs\/barbara-gluck-direktorica-mauthausen-memorijala-u-posjeti-galeriji-11-07-95\/\",\"name\":\"Barbara Gl\u00fcck, direktorica Mauthausen memorijala u posjeti Galeriji 11\/07\/95 - Galerija 11\/07\/95\",\"isPartOf\":{\"@id\":\"https:\/\/galerija110795.ba\/#website\"},\"primaryImageOfPage\":{\"@id\":\"https:\/\/galerija110795.ba\/bs\/barbara-gluck-direktorica-mauthausen-memorijala-u-posjeti-galeriji-11-07-95\/#primaryimage\"},\"image\":{\"@id\":\"https:\/\/galerija110795.ba\/bs\/barbara-gluck-direktorica-mauthausen-memorijala-u-posjeti-galeriji-11-07-95\/#primaryimage\"},\"thumbnailUrl\":\"https:\/\/galerija110795.ba\/app\/uploads\/2022\/11\/311706185_527724852694137_8264730609460315593_n.jpeg\",\"datePublished\":\"2022-10-17T11:23:33+00:00\",\"dateModified\":\"2022-11-20T11:39:30+00:00\",\"breadcrumb\":{\"@id\":\"https:\/\/galerija110795.ba\/bs\/barbara-gluck-direktorica-mauthausen-memorijala-u-posjeti-galeriji-11-07-95\/#breadcrumb\"},\"inLanguage\":\"bs-BA\",\"potentialAction\":[{\"@type\":\"ReadAction\",\"target\":[\"https:\/\/galerija110795.ba\/bs\/barbara-gluck-direktorica-mauthausen-memorijala-u-posjeti-galeriji-11-07-95\/\"]}]},{\"@type\":\"ImageObject\",\"inLanguage\":\"bs-BA\",\"@id\":\"https:\/\/galerija110795.ba\/bs\/barbara-gluck-direktorica-mauthausen-memorijala-u-posjeti-galeriji-11-07-95\/#primaryimage\",\"url\":\"https:\/\/galerija110795.ba\/app\/uploads\/2022\/11\/311706185_527724852694137_8264730609460315593_n.jpeg\",\"contentUrl\":\"https:\/\/galerija110795.ba\/app\/uploads\/2022\/11\/311706185_527724852694137_8264730609460315593_n.jpeg\",\"width\":628,\"height\":960},{\"@type\":\"BreadcrumbList\",\"@id\":\"https:\/\/galerija110795.ba\/bs\/barbara-gluck-direktorica-mauthausen-memorijala-u-posjeti-galeriji-11-07-95\/#breadcrumb\",\"itemListElement\":[{\"@type\":\"ListItem\",\"position\":1,\"name\":\"Home\",\"item\":\"https:\/\/galerija110795.ba\/\"},{\"@type\":\"ListItem\",\"position\":2,\"name\":\"Barbara Gl\u00fcck, direktorica Mauthausen memorijala u posjeti Galeriji 11\/07\/95\"}]},{\"@type\":\"WebSite\",\"@id\":\"https:\/\/galerija110795.ba\/#website\",\"url\":\"https:\/\/galerija110795.ba\/\",\"name\":\"Galerija 11\/07\/95\",\"description\":\"Prva memorijalna galerija u Bosni i Hercegovini, izlo\u017ebeni prostor kojem je cilj o\u010duvati sje\u0107anja na  tragediju Srebrenice i 8372 osobe tragi\u010dno stradale u srebreni\u010dkom genocidu.\",\"publisher\":{\"@id\":\"https:\/\/galerija110795.ba\/#organization\"},\"potentialAction\":[{\"@type\":\"SearchAction\",\"target\":{\"@type\":\"EntryPoint\",\"urlTemplate\":\"https:\/\/galerija110795.ba\/?s={search_term_string}\"},\"query-input\":{\"@type\":\"PropertyValueSpecification\",\"valueRequired\":true,\"valueName\":\"search_term_string\"}}],\"inLanguage\":\"bs-BA\"},{\"@type\":\"Organization\",\"@id\":\"https:\/\/galerija110795.ba\/#organization\",\"name\":\"Galerija 11\/07\/95\",\"url\":\"https:\/\/galerija110795.ba\/\",\"logo\":{\"@type\":\"ImageObject\",\"inLanguage\":\"bs-BA\",\"@id\":\"https:\/\/galerija110795.ba\/#\/schema\/logo\/image\/\",\"url\":\"https:\/\/galerija110795.ba\/app\/uploads\/2013\/09\/galerija_110795_logo.png\",\"contentUrl\":\"https:\/\/galerija110795.ba\/app\/uploads\/2013\/09\/galerija_110795_logo.png\",\"width\":1254,\"height\":408,\"caption\":\"Galerija 11\/07\/95\"},\"image\":{\"@id\":\"https:\/\/galerija110795.ba\/#\/schema\/logo\/image\/\"}},{\"@type\":\"Person\",\"@id\":\"https:\/\/galerija110795.ba\/#\/schema\/person\/af0a9c8c91261b0e9711b99689e8cacf\",\"name\":\"editor\",\"image\":{\"@type\":\"ImageObject\",\"inLanguage\":\"bs-BA\",\"@id\":\"https:\/\/galerija110795.ba\/#\/schema\/person\/image\/\",\"url\":\"https:\/\/secure.gravatar.com\/avatar\/ae92a6b059d73271ba94f17e36bce64d10cf523d83cc8dda3e5415930be67445?s=96&d=mm&r=g\",\"contentUrl\":\"https:\/\/secure.gravatar.com\/avatar\/ae92a6b059d73271ba94f17e36bce64d10cf523d83cc8dda3e5415930be67445?s=96&d=mm&r=g\",\"caption\":\"editor\"},\"url\":\"https:\/\/galerija110795.ba\/bs\/author\/editor\/\"}]}<\/script>\n<!-- \/ Yoast SEO plugin. -->","yoast_head_json":{"title":"Barbara Gl\u00fcck, direktorica Mauthausen memorijala u posjeti Galeriji 11\/07\/95 - Galerija 11\/07\/95","robots":{"index":"index","follow":"follow","max-snippet":"max-snippet:-1","max-image-preview":"max-image-preview:large","max-video-preview":"max-video-preview:-1"},"canonical":"https:\/\/galerija110795.ba\/bs\/barbara-gluck-direktorica-mauthausen-memorijala-u-posjeti-galeriji-11-07-95\/","og_locale":"bs_BA","og_type":"article","og_title":"Barbara Gl\u00fcck, direktorica Mauthausen memorijala u posjeti Galeriji 11\/07\/95 - Galerija 11\/07\/95","og_description":"Barbara Gl\u00fcck, direktorica Mauthausen memorijala iz Austrije, posjetila je zajedno sa svojim saradnicima Galeriju 11\/07\/95. Delegaciju je kroz izlo\u017ebu proveo Tarik Samarah, direktor i osniva\u010d Galerije. Gospodin Samarah je gospo\u0111i Gl\u00fcck poklonio svoju monografiju \u201cSrebrenica\u201d kao i print fotografije na kojoj je prikazana majka iz Srebrenice ispred ku\u0107e Ane Frank u Amsterdamu. Nakon posjete, direktorica &hellip; Continued","og_url":"https:\/\/galerija110795.ba\/bs\/barbara-gluck-direktorica-mauthausen-memorijala-u-posjeti-galeriji-11-07-95\/","og_site_name":"Galerija 11\/07\/95","article_published_time":"2022-10-17T11:23:33+00:00","article_modified_time":"2022-11-20T11:39:30+00:00","og_image":[{"width":628,"height":960,"url":"https:\/\/galerija110795.ba\/app\/uploads\/2022\/11\/311706185_527724852694137_8264730609460315593_n.jpeg","type":"image\/jpeg"}],"author":"editor","twitter_card":"summary_large_image","twitter_misc":{"Written by":"editor"},"schema":{"@context":"https:\/\/schema.org","@graph":[{"@type":"Article","@id":"https:\/\/galerija110795.ba\/bs\/barbara-gluck-direktorica-mauthausen-memorijala-u-posjeti-galeriji-11-07-95\/#article","isPartOf":{"@id":"https:\/\/galerija110795.ba\/bs\/barbara-gluck-direktorica-mauthausen-memorijala-u-posjeti-galeriji-11-07-95\/"},"author":{"name":"editor","@id":"https:\/\/galerija110795.ba\/#\/schema\/person\/af0a9c8c91261b0e9711b99689e8cacf"},"headline":"Barbara Gl\u00fcck, direktorica Mauthausen memorijala u posjeti Galeriji 11\/07\/95","datePublished":"2022-10-17T11:23:33+00:00","dateModified":"2022-11-20T11:39:30+00:00","mainEntityOfPage":{"@id":"https:\/\/galerija110795.ba\/bs\/barbara-gluck-direktorica-mauthausen-memorijala-u-posjeti-galeriji-11-07-95\/"},"wordCount":92,"publisher":{"@id":"https:\/\/galerija110795.ba\/#organization"},"image":{"@id":"https:\/\/galerija110795.ba\/bs\/barbara-gluck-direktorica-mauthausen-memorijala-u-posjeti-galeriji-11-07-95\/#primaryimage"},"thumbnailUrl":"https:\/\/galerija110795.ba\/app\/uploads\/2022\/11\/311706185_527724852694137_8264730609460315593_n.jpeg","keywords":["Barbara Gl\u00fcck","Galerija 11\/07\/95","genocid","kultura sje\u0107anja","Mauthausen memorijal","Srebrenica","Tarik Samarah"],"articleSection":["Aktuelno"],"inLanguage":"bs-BA"},{"@type":"WebPage","@id":"https:\/\/galerija110795.ba\/bs\/barbara-gluck-direktorica-mauthausen-memorijala-u-posjeti-galeriji-11-07-95\/","url":"https:\/\/galerija110795.ba\/bs\/barbara-gluck-direktorica-mauthausen-memorijala-u-posjeti-galeriji-11-07-95\/","name":"Barbara Gl\u00fcck, direktorica Mauthausen memorijala u posjeti Galeriji 11\/07\/95 - Galerija 11\/07\/95","isPartOf":{"@id":"https:\/\/galerija110795.ba\/#website"},"primaryImageOfPage":{"@id":"https:\/\/galerija110795.ba\/bs\/barbara-gluck-direktorica-mauthausen-memorijala-u-posjeti-galeriji-11-07-95\/#primaryimage"},"image":{"@id":"https:\/\/galerija110795.ba\/bs\/barbara-gluck-direktorica-mauthausen-memorijala-u-posjeti-galeriji-11-07-95\/#primaryimage"},"thumbnailUrl":"https:\/\/galerija110795.ba\/app\/uploads\/2022\/11\/311706185_527724852694137_8264730609460315593_n.jpeg","datePublished":"2022-10-17T11:23:33+00:00","dateModified":"2022-11-20T11:39:30+00:00","breadcrumb":{"@id":"https:\/\/galerija110795.ba\/bs\/barbara-gluck-direktorica-mauthausen-memorijala-u-posjeti-galeriji-11-07-95\/#breadcrumb"},"inLanguage":"bs-BA","potentialAction":[{"@type":"ReadAction","target":["https:\/\/galerija110795.ba\/bs\/barbara-gluck-direktorica-mauthausen-memorijala-u-posjeti-galeriji-11-07-95\/"]}]},{"@type":"ImageObject","inLanguage":"bs-BA","@id":"https:\/\/galerija110795.ba\/bs\/barbara-gluck-direktorica-mauthausen-memorijala-u-posjeti-galeriji-11-07-95\/#primaryimage","url":"https:\/\/galerija110795.ba\/app\/uploads\/2022\/11\/311706185_527724852694137_8264730609460315593_n.jpeg","contentUrl":"https:\/\/galerija110795.ba\/app\/uploads\/2022\/11\/311706185_527724852694137_8264730609460315593_n.jpeg","width":628,"height":960},{"@type":"BreadcrumbList","@id":"https:\/\/galerija110795.ba\/bs\/barbara-gluck-direktorica-mauthausen-memorijala-u-posjeti-galeriji-11-07-95\/#breadcrumb","itemListElement":[{"@type":"ListItem","position":1,"name":"Home","item":"https:\/\/galerija110795.ba\/"},{"@type":"ListItem","position":2,"name":"Barbara Gl\u00fcck, direktorica Mauthausen memorijala u posjeti Galeriji 11\/07\/95"}]},{"@type":"WebSite","@id":"https:\/\/galerija110795.ba\/#website","url":"https:\/\/galerija110795.ba\/","name":"Galerija 11\/07\/95","description":"Prva memorijalna galerija u Bosni i Hercegovini, izlo\u017ebeni prostor kojem je cilj o\u010duvati sje\u0107anja na  tragediju Srebrenice i 8372 osobe tragi\u010dno stradale u srebreni\u010dkom genocidu.","publisher":{"@id":"https:\/\/galerija110795.ba\/#organization"},"potentialAction":[{"@type":"SearchAction","target":{"@type":"EntryPoint","urlTemplate":"https:\/\/galerija110795.ba\/?s={search_term_string}"},"query-input":{"@type":"PropertyValueSpecification","valueRequired":true,"valueName":"search_term_string"}}],"inLanguage":"bs-BA"},{"@type":"Organization","@id":"https:\/\/galerija110795.ba\/#organization","name":"Galerija 11\/07\/95","url":"https:\/\/galerija110795.ba\/","logo":{"@type":"ImageObject","inLanguage":"bs-BA","@id":"https:\/\/galerija110795.ba\/#\/schema\/logo\/image\/","url":"https:\/\/galerija110795.ba\/app\/uploads\/2013\/09\/galerija_110795_logo.png","contentUrl":"https:\/\/galerija110795.ba\/app\/uploads\/2013\/09\/galerija_110795_logo.png","width":1254,"height":408,"caption":"Galerija 11\/07\/95"},"image":{"@id":"https:\/\/galerija110795.ba\/#\/schema\/logo\/image\/"}},{"@type":"Person","@id":"https:\/\/galerija110795.ba\/#\/schema\/person\/af0a9c8c91261b0e9711b99689e8cacf","name":"editor","image":{"@type":"ImageObject","inLanguage":"bs-BA","@id":"https:\/\/galerija110795.ba\/#\/schema\/person\/image\/","url":"https:\/\/secure.gravatar.com\/avatar\/ae92a6b059d73271ba94f17e36bce64d10cf523d83cc8dda3e5415930be67445?s=96&d=mm&r=g","contentUrl":"https:\/\/secure.gravatar.com\/avatar\/ae92a6b059d73271ba94f17e36bce64d10cf523d83cc8dda3e5415930be67445?s=96&d=mm&r=g","caption":"editor"},"url":"https:\/\/galerija110795.ba\/bs\/author\/editor\/"}]}},"wpml_current_locale":"bs_BA","wpml_translations":{"bs_BA":{"locale":"bs_BA","id":4803,"slug":"barbara-gluck-direktorica-mauthausen-memorijala-u-posjeti-galeriji-11-07-95","post_title":"Barbara Gl\u00fcck, direktorica Mauthausen memorijala u posjeti Galeriji 11\/07\/95","href":"https:\/\/galerija110795.ba\/bs\/barbara-gluck-direktorica-mauthausen-memorijala-u-posjeti-galeriji-11-07-95\/"},"en_US":{"locale":"en_US","id":4792,"slug":"barbara-gluck-director-of-the-mauthausen-memorial-visited-gallery-11-07-95","post_title":"Barbara Gl\u00fcck, director of the Mauthausen Memorial visited Gallery 11\/07\/95","href":"https:\/\/galerija110795.ba\/barbara-gluck-director-of-the-mauthausen-memorial-visited-gallery-11-07-95\/"}},"_links":{"self":[{"href":"https:\/\/galerija110795.ba\/bs\/wp-json\/wp\/v2\/posts\/4803","targetHints":{"allow":["GET"]}}],"collection":[{"href":"https:\/\/galerija110795.ba\/bs\/wp-json\/wp\/v2\/posts"}],"about":[{"href":"https:\/\/galerija110795.ba\/bs\/wp-json\/wp\/v2\/types\/post"}],"author":[{"embeddable":true,"href":"https:\/\/galerija110795.ba\/bs\/wp-json\/wp\/v2\/users\/3"}],"replies":[{"embeddable":true,"href":"https:\/\/galerija110795.ba\/bs\/wp-json\/wp\/v2\/comments?post=4803"}],"version-history":[{"count":11,"href":"https:\/\/galerija110795.ba\/bs\/wp-json\/wp\/v2\/posts\/4803\/revisions"}],"predecessor-version":[{"id":4821,"href":"https:\/\/galerija110795.ba\/bs\/wp-json\/wp\/v2\/posts\/4803\/revisions\/4821"}],"wp:featuredmedia":[{"embeddable":true,"href":"https:\/\/galerija110795.ba\/bs\/wp-json\/wp\/v2\/media\/4794"}],"wp:attachment":[{"href":"https:\/\/galerija110795.ba\/bs\/wp-json\/wp\/v2\/media?parent=4803"}],"wp:term":[{"taxonomy":"category","embeddable":true,"href":"https:\/\/galerija110795.ba\/bs\/wp-json\/wp\/v2\/categories?post=4803"},{"taxonomy":"post_tag","embeddable":true,"href":"https:\/\/galerija110795.ba\/bs\/wp-json\/wp\/v2\/tags?post=4803"}],"curies":[{"name":"wp","href":"https:\/\/api.w.org\/{rel}","templated":true}]}}