{"id":4699,"date":"2022-03-24T14:53:05","date_gmt":"2022-03-24T13:53:05","guid":{"rendered":"https:\/\/galerija110795.ba\/?p=4699"},"modified":"2022-10-14T10:32:27","modified_gmt":"2022-10-14T08:32:27","slug":"robert-ragnar-spano-predsjednik-evropskog-suda-za-ljudska-prava-u-posjeti-galeriji-11-07-95","status":"publish","type":"post","link":"https:\/\/galerija110795.ba\/bs\/robert-ragnar-spano-predsjednik-evropskog-suda-za-ljudska-prava-u-posjeti-galeriji-11-07-95\/","title":{"rendered":"R\u00f3bert Ragnar Span\u00f3, predsjednik Evropskog suda za ljudska prava u posjeti Galeriji 11\/07\/95"},"content":{"rendered":"<p><img decoding=\"async\" class=\"img-responsive alignright\" src=\"https:\/\/galerija110795.ba\/app\/uploads\/2022\/10\/Spano.jpeg\" alt=\"\" \/><\/p>\n<p><strong>R\u00f3bert Ragnar Span\u00f3<\/strong>, predsjednik Evropskog suda za ljudska prava posjetio je danas Galeriju 11\/07\/95. Span\u00f3 je Galeriju 11\/07\/95 posjetio u pratnji g. Farisa Vehabovi\u0107a, sudije Evropskog suda za ljudska prava, a delegaciju je kroz Galeriju proveo Emir Begta\u0161agi\u0107, kustos Galerije.<\/p>\n<p>Visokoj delegaciji Evropskog suda za ljudska prava predstavljena je izlo\u017eba koja se bavi posljedicama genocida u Srebrenici. Radi se o stalnoj postavki Galerije 11\/07\/95 koja se sastoji od zida sa imenima ubijenih Srebreni\u010dana, sobe sa portretima, crno \u2013 bijelih autorskih fotografija Tarika Samaraha na kojima su dokumentirane posljedice genocida \u2013 od izbjegli\u010dkih kampova, preko masovnih grobnica, prve d\u017eenaze pa do fotografija grafita koje svjedo\u010de o odnosu me\u0111unarodne zajednice prema ratu u Bosni i Hercegovini.<\/p>\n<p>Predstavnici Evropskog suda za ljudska prava, g. R\u00f3bert Ragnar Span\u00f3 i g. Faris Vehabovi\u0107 posebno su se zadr\u017eali u dijelu Galerije u kojem su izlo\u017eene fotografije masovnih grobnica nastalih tokom i za vrijeme genocida u Srebrenici. Zna\u010dajnu pote\u0161ko\u0107u i izazov prilikom iskopavanja tijela iz masovnih grobnica i identifikacije \u017ertava, predstavljala je \u010dinjenica da su tijela \u017ertava iz Srebrenice \u010desto pronala\u017eena na vi\u0161e razli\u010ditih lokacija. Naime, u namjeri skrivanja tragova zlo\u010dina, predstavnici takozvane Vojske Republike Srpske su tijela ubijenih premje\u0161tala iz primarnih u sekundarne i tercijarne grobnice.<\/p>\n<p>Na kraju posjete g. R\u00f3bert Ragnar Span\u00f3 i g. Faris Vehabovi\u0107 pogledali su film \u201eMiss Sarajevo\u201c Bill Cartera, \u010dija je tema svakodnevni \u017eivot ljudi tokom opsade Sarajeva. Tokom posjete R\u00f3bert Ragnar Span\u00f3 je rekao da se radi o sna\u017enoj izlo\u017ebi iz koje se mo\u017ee puno nau\u010diti.<\/p>\n<p>Galerija 11\/07\/95 svojim radom nastavlja kontinuirano raditi na izgradnji kulture sje\u0107anja na protekli rat u Bosni i Hercegovini, od \u010dijeg se po\u010detka ove godine obilje\u017eava trideseta godi\u0161njica.<\/p>\n<p>&nbsp;<\/p>\n","protected":false},"excerpt":{"rendered":"<p>R\u00f3bert Ragnar Span\u00f3, predsjednik Evropskog suda za ljudska prava posjetio je danas Galeriju 11\/07\/95. Span\u00f3 je Galeriju 11\/07\/95 posjetio u pratnji g. Farisa Vehabovi\u0107a, sudije Evropskog suda za ljudska prava, a delegaciju je kroz Galeriju proveo Emir Begta\u0161agi\u0107, kustos Galerije. Visokoj delegaciji Evropskog suda za ljudska prava predstavljena je izlo\u017eba koja se bavi posljedicama genocida &hellip; <a href=\"https:\/\/galerija110795.ba\/bs\/robert-ragnar-spano-predsjednik-evropskog-suda-za-ljudska-prava-u-posjeti-galeriji-11-07-95\/\">Continued<\/a><\/p>\n","protected":false},"author":3,"featured_media":4689,"comment_status":"closed","ping_status":"open","sticky":false,"template":"","format":"standard","meta":{"_acf_changed":false,"footnotes":""},"categories":[1],"tags":[69,68,85,7,31,44,70,19],"class_list":["post-4699","post","type-post","status-publish","format-standard","has-post-thumbnail","hentry","category-aktuelno","tag-delegacija","tag-evropski-sud-za-ljudska-prava","tag-faris-vehabovic","tag-galerija-110795","tag-genocid","tag-kultura-sjecanja","tag-predsjednik-suda","tag-srebrenica"],"acf":[],"yoast_head":"<!-- This site is optimized with the Yoast SEO plugin v26.8 - https:\/\/yoast.com\/product\/yoast-seo-wordpress\/ -->\n<title>R\u00f3bert Ragnar Span\u00f3, predsjednik Evropskog suda za ljudska prava u posjeti Galeriji 11\/07\/95 - Galerija 11\/07\/95<\/title>\n<meta name=\"robots\" content=\"index, follow, max-snippet:-1, max-image-preview:large, max-video-preview:-1\" \/>\n<link rel=\"canonical\" href=\"https:\/\/galerija110795.ba\/bs\/robert-ragnar-spano-predsjednik-evropskog-suda-za-ljudska-prava-u-posjeti-galeriji-11-07-95\/\" \/>\n<meta property=\"og:locale\" content=\"bs_BA\" \/>\n<meta property=\"og:type\" content=\"article\" \/>\n<meta property=\"og:title\" content=\"R\u00f3bert Ragnar Span\u00f3, predsjednik Evropskog suda za ljudska prava u posjeti Galeriji 11\/07\/95 - Galerija 11\/07\/95\" \/>\n<meta property=\"og:description\" content=\"R\u00f3bert Ragnar Span\u00f3, predsjednik Evropskog suda za ljudska prava posjetio je danas Galeriju 11\/07\/95. Span\u00f3 je Galeriju 11\/07\/95 posjetio u pratnji g. Farisa Vehabovi\u0107a, sudije Evropskog suda za ljudska prava, a delegaciju je kroz Galeriju proveo Emir Begta\u0161agi\u0107, kustos Galerije. Visokoj delegaciji Evropskog suda za ljudska prava predstavljena je izlo\u017eba koja se bavi posljedicama genocida &hellip; Continued\" \/>\n<meta property=\"og:url\" content=\"https:\/\/galerija110795.ba\/bs\/robert-ragnar-spano-predsjednik-evropskog-suda-za-ljudska-prava-u-posjeti-galeriji-11-07-95\/\" \/>\n<meta property=\"og:site_name\" content=\"Galerija 11\/07\/95\" \/>\n<meta property=\"article:published_time\" content=\"2022-03-24T13:53:05+00:00\" \/>\n<meta property=\"article:modified_time\" content=\"2022-10-14T08:32:27+00:00\" \/>\n<meta property=\"og:image\" content=\"https:\/\/galerija110795.ba\/app\/uploads\/2022\/10\/Spano.jpeg\" \/>\n\t<meta property=\"og:image:width\" content=\"526\" \/>\n\t<meta property=\"og:image:height\" content=\"395\" \/>\n\t<meta property=\"og:image:type\" content=\"image\/jpeg\" \/>\n<meta name=\"author\" content=\"editor\" \/>\n<meta name=\"twitter:card\" content=\"summary_large_image\" \/>\n<meta name=\"twitter:label1\" content=\"Written by\" \/>\n\t<meta name=\"twitter:data1\" content=\"editor\" \/>\n\t<meta name=\"twitter:label2\" content=\"Est. reading time\" \/>\n\t<meta name=\"twitter:data2\" content=\"1 minuta\" \/>\n<script type=\"application\/ld+json\" class=\"yoast-schema-graph\">{\"@context\":\"https:\/\/schema.org\",\"@graph\":[{\"@type\":\"Article\",\"@id\":\"https:\/\/galerija110795.ba\/bs\/robert-ragnar-spano-predsjednik-evropskog-suda-za-ljudska-prava-u-posjeti-galeriji-11-07-95\/#article\",\"isPartOf\":{\"@id\":\"https:\/\/galerija110795.ba\/bs\/robert-ragnar-spano-predsjednik-evropskog-suda-za-ljudska-prava-u-posjeti-galeriji-11-07-95\/\"},\"author\":{\"name\":\"editor\",\"@id\":\"https:\/\/galerija110795.ba\/#\/schema\/person\/af0a9c8c91261b0e9711b99689e8cacf\"},\"headline\":\"R\u00f3bert Ragnar Span\u00f3, predsjednik Evropskog suda za ljudska prava u posjeti Galeriji 11\/07\/95\",\"datePublished\":\"2022-03-24T13:53:05+00:00\",\"dateModified\":\"2022-10-14T08:32:27+00:00\",\"mainEntityOfPage\":{\"@id\":\"https:\/\/galerija110795.ba\/bs\/robert-ragnar-spano-predsjednik-evropskog-suda-za-ljudska-prava-u-posjeti-galeriji-11-07-95\/\"},\"wordCount\":311,\"publisher\":{\"@id\":\"https:\/\/galerija110795.ba\/#organization\"},\"image\":{\"@id\":\"https:\/\/galerija110795.ba\/bs\/robert-ragnar-spano-predsjednik-evropskog-suda-za-ljudska-prava-u-posjeti-galeriji-11-07-95\/#primaryimage\"},\"thumbnailUrl\":\"https:\/\/galerija110795.ba\/app\/uploads\/2022\/10\/Spano.jpeg\",\"keywords\":[\"Delegacija\",\"Evropski sud za ljudska prava\",\"Faris Vehabovi\u0107\",\"Galerija 11\/07\/95\",\"genocid\",\"kultura sje\u0107anja\",\"Predsjednik suda\",\"Srebrenica\"],\"articleSection\":[\"Aktuelno\"],\"inLanguage\":\"bs-BA\"},{\"@type\":\"WebPage\",\"@id\":\"https:\/\/galerija110795.ba\/bs\/robert-ragnar-spano-predsjednik-evropskog-suda-za-ljudska-prava-u-posjeti-galeriji-11-07-95\/\",\"url\":\"https:\/\/galerija110795.ba\/bs\/robert-ragnar-spano-predsjednik-evropskog-suda-za-ljudska-prava-u-posjeti-galeriji-11-07-95\/\",\"name\":\"R\u00f3bert Ragnar Span\u00f3, predsjednik Evropskog suda za ljudska prava u posjeti Galeriji 11\/07\/95 - Galerija 11\/07\/95\",\"isPartOf\":{\"@id\":\"https:\/\/galerija110795.ba\/#website\"},\"primaryImageOfPage\":{\"@id\":\"https:\/\/galerija110795.ba\/bs\/robert-ragnar-spano-predsjednik-evropskog-suda-za-ljudska-prava-u-posjeti-galeriji-11-07-95\/#primaryimage\"},\"image\":{\"@id\":\"https:\/\/galerija110795.ba\/bs\/robert-ragnar-spano-predsjednik-evropskog-suda-za-ljudska-prava-u-posjeti-galeriji-11-07-95\/#primaryimage\"},\"thumbnailUrl\":\"https:\/\/galerija110795.ba\/app\/uploads\/2022\/10\/Spano.jpeg\",\"datePublished\":\"2022-03-24T13:53:05+00:00\",\"dateModified\":\"2022-10-14T08:32:27+00:00\",\"breadcrumb\":{\"@id\":\"https:\/\/galerija110795.ba\/bs\/robert-ragnar-spano-predsjednik-evropskog-suda-za-ljudska-prava-u-posjeti-galeriji-11-07-95\/#breadcrumb\"},\"inLanguage\":\"bs-BA\",\"potentialAction\":[{\"@type\":\"ReadAction\",\"target\":[\"https:\/\/galerija110795.ba\/bs\/robert-ragnar-spano-predsjednik-evropskog-suda-za-ljudska-prava-u-posjeti-galeriji-11-07-95\/\"]}]},{\"@type\":\"ImageObject\",\"inLanguage\":\"bs-BA\",\"@id\":\"https:\/\/galerija110795.ba\/bs\/robert-ragnar-spano-predsjednik-evropskog-suda-za-ljudska-prava-u-posjeti-galeriji-11-07-95\/#primaryimage\",\"url\":\"https:\/\/galerija110795.ba\/app\/uploads\/2022\/10\/Spano.jpeg\",\"contentUrl\":\"https:\/\/galerija110795.ba\/app\/uploads\/2022\/10\/Spano.jpeg\",\"width\":526,\"height\":395},{\"@type\":\"BreadcrumbList\",\"@id\":\"https:\/\/galerija110795.ba\/bs\/robert-ragnar-spano-predsjednik-evropskog-suda-za-ljudska-prava-u-posjeti-galeriji-11-07-95\/#breadcrumb\",\"itemListElement\":[{\"@type\":\"ListItem\",\"position\":1,\"name\":\"Home\",\"item\":\"https:\/\/galerija110795.ba\/\"},{\"@type\":\"ListItem\",\"position\":2,\"name\":\"R\u00f3bert Ragnar Span\u00f3, predsjednik Evropskog suda za ljudska prava u posjeti Galeriji 11\/07\/95\"}]},{\"@type\":\"WebSite\",\"@id\":\"https:\/\/galerija110795.ba\/#website\",\"url\":\"https:\/\/galerija110795.ba\/\",\"name\":\"Galerija 11\/07\/95\",\"description\":\"Prva memorijalna galerija u Bosni i Hercegovini, izlo\u017ebeni prostor kojem je cilj o\u010duvati sje\u0107anja na  tragediju Srebrenice i 8372 osobe tragi\u010dno stradale u srebreni\u010dkom genocidu.\",\"publisher\":{\"@id\":\"https:\/\/galerija110795.ba\/#organization\"},\"potentialAction\":[{\"@type\":\"SearchAction\",\"target\":{\"@type\":\"EntryPoint\",\"urlTemplate\":\"https:\/\/galerija110795.ba\/?s={search_term_string}\"},\"query-input\":{\"@type\":\"PropertyValueSpecification\",\"valueRequired\":true,\"valueName\":\"search_term_string\"}}],\"inLanguage\":\"bs-BA\"},{\"@type\":\"Organization\",\"@id\":\"https:\/\/galerija110795.ba\/#organization\",\"name\":\"Galerija 11\/07\/95\",\"url\":\"https:\/\/galerija110795.ba\/\",\"logo\":{\"@type\":\"ImageObject\",\"inLanguage\":\"bs-BA\",\"@id\":\"https:\/\/galerija110795.ba\/#\/schema\/logo\/image\/\",\"url\":\"https:\/\/galerija110795.ba\/app\/uploads\/2013\/09\/galerija_110795_logo.png\",\"contentUrl\":\"https:\/\/galerija110795.ba\/app\/uploads\/2013\/09\/galerija_110795_logo.png\",\"width\":1254,\"height\":408,\"caption\":\"Galerija 11\/07\/95\"},\"image\":{\"@id\":\"https:\/\/galerija110795.ba\/#\/schema\/logo\/image\/\"}},{\"@type\":\"Person\",\"@id\":\"https:\/\/galerija110795.ba\/#\/schema\/person\/af0a9c8c91261b0e9711b99689e8cacf\",\"name\":\"editor\",\"image\":{\"@type\":\"ImageObject\",\"inLanguage\":\"bs-BA\",\"@id\":\"https:\/\/galerija110795.ba\/#\/schema\/person\/image\/\",\"url\":\"https:\/\/secure.gravatar.com\/avatar\/ae92a6b059d73271ba94f17e36bce64d10cf523d83cc8dda3e5415930be67445?s=96&d=mm&r=g\",\"contentUrl\":\"https:\/\/secure.gravatar.com\/avatar\/ae92a6b059d73271ba94f17e36bce64d10cf523d83cc8dda3e5415930be67445?s=96&d=mm&r=g\",\"caption\":\"editor\"},\"url\":\"https:\/\/galerija110795.ba\/bs\/author\/editor\/\"}]}<\/script>\n<!-- \/ Yoast SEO plugin. -->","yoast_head_json":{"title":"R\u00f3bert Ragnar Span\u00f3, predsjednik Evropskog suda za ljudska prava u posjeti Galeriji 11\/07\/95 - Galerija 11\/07\/95","robots":{"index":"index","follow":"follow","max-snippet":"max-snippet:-1","max-image-preview":"max-image-preview:large","max-video-preview":"max-video-preview:-1"},"canonical":"https:\/\/galerija110795.ba\/bs\/robert-ragnar-spano-predsjednik-evropskog-suda-za-ljudska-prava-u-posjeti-galeriji-11-07-95\/","og_locale":"bs_BA","og_type":"article","og_title":"R\u00f3bert Ragnar Span\u00f3, predsjednik Evropskog suda za ljudska prava u posjeti Galeriji 11\/07\/95 - Galerija 11\/07\/95","og_description":"R\u00f3bert Ragnar Span\u00f3, predsjednik Evropskog suda za ljudska prava posjetio je danas Galeriju 11\/07\/95. Span\u00f3 je Galeriju 11\/07\/95 posjetio u pratnji g. Farisa Vehabovi\u0107a, sudije Evropskog suda za ljudska prava, a delegaciju je kroz Galeriju proveo Emir Begta\u0161agi\u0107, kustos Galerije. Visokoj delegaciji Evropskog suda za ljudska prava predstavljena je izlo\u017eba koja se bavi posljedicama genocida &hellip; Continued","og_url":"https:\/\/galerija110795.ba\/bs\/robert-ragnar-spano-predsjednik-evropskog-suda-za-ljudska-prava-u-posjeti-galeriji-11-07-95\/","og_site_name":"Galerija 11\/07\/95","article_published_time":"2022-03-24T13:53:05+00:00","article_modified_time":"2022-10-14T08:32:27+00:00","og_image":[{"width":526,"height":395,"url":"https:\/\/galerija110795.ba\/app\/uploads\/2022\/10\/Spano.jpeg","type":"image\/jpeg"}],"author":"editor","twitter_card":"summary_large_image","twitter_misc":{"Written by":"editor","Est. reading time":"1 minuta"},"schema":{"@context":"https:\/\/schema.org","@graph":[{"@type":"Article","@id":"https:\/\/galerija110795.ba\/bs\/robert-ragnar-spano-predsjednik-evropskog-suda-za-ljudska-prava-u-posjeti-galeriji-11-07-95\/#article","isPartOf":{"@id":"https:\/\/galerija110795.ba\/bs\/robert-ragnar-spano-predsjednik-evropskog-suda-za-ljudska-prava-u-posjeti-galeriji-11-07-95\/"},"author":{"name":"editor","@id":"https:\/\/galerija110795.ba\/#\/schema\/person\/af0a9c8c91261b0e9711b99689e8cacf"},"headline":"R\u00f3bert Ragnar Span\u00f3, predsjednik Evropskog suda za ljudska prava u posjeti Galeriji 11\/07\/95","datePublished":"2022-03-24T13:53:05+00:00","dateModified":"2022-10-14T08:32:27+00:00","mainEntityOfPage":{"@id":"https:\/\/galerija110795.ba\/bs\/robert-ragnar-spano-predsjednik-evropskog-suda-za-ljudska-prava-u-posjeti-galeriji-11-07-95\/"},"wordCount":311,"publisher":{"@id":"https:\/\/galerija110795.ba\/#organization"},"image":{"@id":"https:\/\/galerija110795.ba\/bs\/robert-ragnar-spano-predsjednik-evropskog-suda-za-ljudska-prava-u-posjeti-galeriji-11-07-95\/#primaryimage"},"thumbnailUrl":"https:\/\/galerija110795.ba\/app\/uploads\/2022\/10\/Spano.jpeg","keywords":["Delegacija","Evropski sud za ljudska prava","Faris Vehabovi\u0107","Galerija 11\/07\/95","genocid","kultura sje\u0107anja","Predsjednik suda","Srebrenica"],"articleSection":["Aktuelno"],"inLanguage":"bs-BA"},{"@type":"WebPage","@id":"https:\/\/galerija110795.ba\/bs\/robert-ragnar-spano-predsjednik-evropskog-suda-za-ljudska-prava-u-posjeti-galeriji-11-07-95\/","url":"https:\/\/galerija110795.ba\/bs\/robert-ragnar-spano-predsjednik-evropskog-suda-za-ljudska-prava-u-posjeti-galeriji-11-07-95\/","name":"R\u00f3bert Ragnar Span\u00f3, predsjednik Evropskog suda za ljudska prava u posjeti Galeriji 11\/07\/95 - Galerija 11\/07\/95","isPartOf":{"@id":"https:\/\/galerija110795.ba\/#website"},"primaryImageOfPage":{"@id":"https:\/\/galerija110795.ba\/bs\/robert-ragnar-spano-predsjednik-evropskog-suda-za-ljudska-prava-u-posjeti-galeriji-11-07-95\/#primaryimage"},"image":{"@id":"https:\/\/galerija110795.ba\/bs\/robert-ragnar-spano-predsjednik-evropskog-suda-za-ljudska-prava-u-posjeti-galeriji-11-07-95\/#primaryimage"},"thumbnailUrl":"https:\/\/galerija110795.ba\/app\/uploads\/2022\/10\/Spano.jpeg","datePublished":"2022-03-24T13:53:05+00:00","dateModified":"2022-10-14T08:32:27+00:00","breadcrumb":{"@id":"https:\/\/galerija110795.ba\/bs\/robert-ragnar-spano-predsjednik-evropskog-suda-za-ljudska-prava-u-posjeti-galeriji-11-07-95\/#breadcrumb"},"inLanguage":"bs-BA","potentialAction":[{"@type":"ReadAction","target":["https:\/\/galerija110795.ba\/bs\/robert-ragnar-spano-predsjednik-evropskog-suda-za-ljudska-prava-u-posjeti-galeriji-11-07-95\/"]}]},{"@type":"ImageObject","inLanguage":"bs-BA","@id":"https:\/\/galerija110795.ba\/bs\/robert-ragnar-spano-predsjednik-evropskog-suda-za-ljudska-prava-u-posjeti-galeriji-11-07-95\/#primaryimage","url":"https:\/\/galerija110795.ba\/app\/uploads\/2022\/10\/Spano.jpeg","contentUrl":"https:\/\/galerija110795.ba\/app\/uploads\/2022\/10\/Spano.jpeg","width":526,"height":395},{"@type":"BreadcrumbList","@id":"https:\/\/galerija110795.ba\/bs\/robert-ragnar-spano-predsjednik-evropskog-suda-za-ljudska-prava-u-posjeti-galeriji-11-07-95\/#breadcrumb","itemListElement":[{"@type":"ListItem","position":1,"name":"Home","item":"https:\/\/galerija110795.ba\/"},{"@type":"ListItem","position":2,"name":"R\u00f3bert Ragnar Span\u00f3, predsjednik Evropskog suda za ljudska prava u posjeti Galeriji 11\/07\/95"}]},{"@type":"WebSite","@id":"https:\/\/galerija110795.ba\/#website","url":"https:\/\/galerija110795.ba\/","name":"Galerija 11\/07\/95","description":"Prva memorijalna galerija u Bosni i Hercegovini, izlo\u017ebeni prostor kojem je cilj o\u010duvati sje\u0107anja na  tragediju Srebrenice i 8372 osobe tragi\u010dno stradale u srebreni\u010dkom genocidu.","publisher":{"@id":"https:\/\/galerija110795.ba\/#organization"},"potentialAction":[{"@type":"SearchAction","target":{"@type":"EntryPoint","urlTemplate":"https:\/\/galerija110795.ba\/?s={search_term_string}"},"query-input":{"@type":"PropertyValueSpecification","valueRequired":true,"valueName":"search_term_string"}}],"inLanguage":"bs-BA"},{"@type":"Organization","@id":"https:\/\/galerija110795.ba\/#organization","name":"Galerija 11\/07\/95","url":"https:\/\/galerija110795.ba\/","logo":{"@type":"ImageObject","inLanguage":"bs-BA","@id":"https:\/\/galerija110795.ba\/#\/schema\/logo\/image\/","url":"https:\/\/galerija110795.ba\/app\/uploads\/2013\/09\/galerija_110795_logo.png","contentUrl":"https:\/\/galerija110795.ba\/app\/uploads\/2013\/09\/galerija_110795_logo.png","width":1254,"height":408,"caption":"Galerija 11\/07\/95"},"image":{"@id":"https:\/\/galerija110795.ba\/#\/schema\/logo\/image\/"}},{"@type":"Person","@id":"https:\/\/galerija110795.ba\/#\/schema\/person\/af0a9c8c91261b0e9711b99689e8cacf","name":"editor","image":{"@type":"ImageObject","inLanguage":"bs-BA","@id":"https:\/\/galerija110795.ba\/#\/schema\/person\/image\/","url":"https:\/\/secure.gravatar.com\/avatar\/ae92a6b059d73271ba94f17e36bce64d10cf523d83cc8dda3e5415930be67445?s=96&d=mm&r=g","contentUrl":"https:\/\/secure.gravatar.com\/avatar\/ae92a6b059d73271ba94f17e36bce64d10cf523d83cc8dda3e5415930be67445?s=96&d=mm&r=g","caption":"editor"},"url":"https:\/\/galerija110795.ba\/bs\/author\/editor\/"}]}},"wpml_current_locale":"bs_BA","wpml_translations":{"bs_BA":{"locale":"bs_BA","id":4699,"slug":"robert-ragnar-spano-predsjednik-evropskog-suda-za-ljudska-prava-u-posjeti-galeriji-11-07-95","post_title":"R\u00f3bert Ragnar Span\u00f3, predsjednik Evropskog suda za ljudska prava u posjeti Galeriji 11\/07\/95","href":"https:\/\/galerija110795.ba\/bs\/robert-ragnar-spano-predsjednik-evropskog-suda-za-ljudska-prava-u-posjeti-galeriji-11-07-95\/"}},"_links":{"self":[{"href":"https:\/\/galerija110795.ba\/bs\/wp-json\/wp\/v2\/posts\/4699","targetHints":{"allow":["GET"]}}],"collection":[{"href":"https:\/\/galerija110795.ba\/bs\/wp-json\/wp\/v2\/posts"}],"about":[{"href":"https:\/\/galerija110795.ba\/bs\/wp-json\/wp\/v2\/types\/post"}],"author":[{"embeddable":true,"href":"https:\/\/galerija110795.ba\/bs\/wp-json\/wp\/v2\/users\/3"}],"replies":[{"embeddable":true,"href":"https:\/\/galerija110795.ba\/bs\/wp-json\/wp\/v2\/comments?post=4699"}],"version-history":[{"count":2,"href":"https:\/\/galerija110795.ba\/bs\/wp-json\/wp\/v2\/posts\/4699\/revisions"}],"predecessor-version":[{"id":4725,"href":"https:\/\/galerija110795.ba\/bs\/wp-json\/wp\/v2\/posts\/4699\/revisions\/4725"}],"wp:featuredmedia":[{"embeddable":true,"href":"https:\/\/galerija110795.ba\/bs\/wp-json\/wp\/v2\/media\/4689"}],"wp:attachment":[{"href":"https:\/\/galerija110795.ba\/bs\/wp-json\/wp\/v2\/media?parent=4699"}],"wp:term":[{"taxonomy":"category","embeddable":true,"href":"https:\/\/galerija110795.ba\/bs\/wp-json\/wp\/v2\/categories?post=4699"},{"taxonomy":"post_tag","embeddable":true,"href":"https:\/\/galerija110795.ba\/bs\/wp-json\/wp\/v2\/tags?post=4699"}],"curies":[{"name":"wp","href":"https:\/\/api.w.org\/{rel}","templated":true}]}}