{"id":4679,"date":"2022-07-07T12:29:09","date_gmt":"2022-07-07T10:29:09","guid":{"rendered":"https:\/\/galerija110795.ba\/?p=4679"},"modified":"2023-01-15T13:03:12","modified_gmt":"2023-01-15T12:03:12","slug":"monografija-srebrenica-tarika-samaraha-i-rad-bosanska-djevojka-sejle-kameric-izlozeni-u-tate-modern-u-londonu","status":"publish","type":"post","link":"https:\/\/galerija110795.ba\/bs\/monografija-srebrenica-tarika-samaraha-i-rad-bosanska-djevojka-sejle-kameric-izlozeni-u-tate-modern-u-londonu\/","title":{"rendered":"Monografija &#8220;Srebrenica&#8221; Tarika Samaraha i rad &#8220;Bosanska djevojka&#8221; \u0160ejle Kameri\u0107 izlo\u017eeni u Tate Modern u Londonu"},"content":{"rendered":"<p>Monografija <strong>&#8220;Srebrenica&#8221;<\/strong> Tarika Samaraha i rad <strong>&#8220;Bosanska djevojka&#8221;<\/strong> \u0160ejle Kameri\u0107 izlo\u017eeni su u <strong>Tate Modern galeriji u Londonu<\/strong>. Izlo\u017eeni radovi se nalaze u centralnom izlo\u017ebenom prostoru, na drugom spratu, kao dio ciklusa \u201c Art and Society\u201d (Umjetnost i dru\u0161tvo), koji predstavlja pri\u010du o na\u010dinima na koji se umjetnici i umjetnost bave dru\u0161tvenom stvarno\u0161\u0107u.<\/p>\n<figure class=\"wp-caption alignnone\"><img decoding=\"async\" class=\"img-responsive\" src=\"https:\/\/galerija110795.ba\/app\/uploads\/2022\/10\/bg1-900x675.jpeg\" alt=\"\"\/><figcaption class=\"wp-caption-text\">Bosanska djevojka izlo\u017eena u Tate Modern<\/figcaption><\/figure>\n<p>&nbsp;<\/p>\n<p>Grafiti koje su pisali UN vojnici na zidovima prostorija u kojima su bili smje\u0161teni, otkrivaju predrasude, miskoncepcije i dehumanizaciju lokalnog stanovni\u0161tva. Skretanje pogleda, nemogu\u0107nost empatije i nerazumijevanje pozicije \u017ertve, dio su narativa koje je odredio sudbinu \u017ertava iz Srebrenice. Fotografije grafita UN vojnika zabilje\u017eio je Tarik Samarah, nedugo nakon rata. One \u010dine integralni dio njegove umjetni\u010dke pri\u010de o Srebrenici, koja predstavlja osnovni dio stalne izlo\u017ebe u Galeriji 11\/07\/95.<\/p>\n<p><strong><em>U obja\u0161njenju galerije Tate Modern navodi se sljede\u0107e:<\/em><\/strong><\/p>\n<p><em>Tarik Samarah je prvi put\u00a0 posjetio Srebrenicu 2001. godine i njegova monografija \u201cSrebrenica\u201d dokumentuje posljedice genocida. U razli\u010ditim poglavljima, on se fokusira na lokacije masovnih grobnica, identifikaciju \u017ertava, grafite prona\u0111ene u bazi vojnika i portretima pre\u017eivjelih. Sve zajedno, njegove fotografije adresiraju neuspjeh koji je doveo do smrti preko 8000 Bosanskih Muslimana, ve\u0107inom mu\u0161karaca i dje\u010daka. Fotografija grafita citiranog od strane \u0160ejle Kameri\u0107 je uzeta iz Samarahove monografije. Samarah napominje da ovakve fotografije predstavljaju va\u017ean vid sje\u0107anja, ali tako\u0111er trebaju da uti\u010du i na budu\u0107nost, s ciljem da se ovakvi doga\u0111aji ne dese ponovo.<\/em><\/p>\n<p><em>&#8220;Bosanska djevojka&#8221; prikazuje portret umjetnice koja direktno gleda u kameru, zadr\u017eavaju\u0107i na\u0161 pogled. Tekst preko fotografije citira grafite nepoznatog holandskog vojnika UN-a prona\u0111ene u kasarni u Srebrenici tokom rata u BiH (1992\u201395). Koriste\u0107i stiliziranu pozu karakteristi\u010dnu za modnu fotografiju, Kameri\u0107 istovremeno izaziva i utjelovljuje rije\u010di vojnika. Ovim \u010dinom ona se zala\u017ee za sve \u017eene koje su iskusile predrasude zbog svog roda ili identiteta. Ona nagovje\u0161tava kako \u017eene postaju markeri nacionalnog identiteta, a njihova tijela politizirana kao na\u010din odr\u017eavanja teritorija i granica. U svom pogledu ona tra\u017ei od nas kao gledatelja da budemo odgovorni za svoj na\u010din gledanja.<\/em><\/p>\n<p>&nbsp;<\/p>\n\n<div id=\"blueimp-gallery\" class=\"blueimp-gallery\" data-use-bootstrap-modal=\"false\">\n    <!-- The container for the modal slides -->\n    <div class=\"slides\"><\/div>\n    <!-- Controls for the borderless lightbox -->\n    <h3 class=\"title\"><\/h3>\n    <a class=\"prev\">\u2039<\/a>\n    <a class=\"next\">\u203a<\/a>\n    <a class=\"close\">\u00d7<\/a>\n    <a class=\"play-pause\"><\/a>\n    <!-- The modal dialog, which will be used to wrap the lightbox content -->\n    <div class=\"modal fade\">\n        <div class=\"modal-dialog\">\n            <div class=\"modal-content\">\n                <div class=\"modal-header\">\n                    <button type=\"button\" class=\"close\" aria-hidden=\"true\">&times;<\/button>\n                    <h4 class=\"modal-title\"><\/h4>\n                <\/div>\n                <div class=\"modal-body next\"><\/div>\n                <div class=\"modal-footer\">\n                    <button type=\"button\" class=\"btn btn-default pull-left prev\">\n                        <i class=\"glyphicon glyphicon-chevron-left\"><\/i>\n                        Previous\n                    <\/button>\n                    <button type=\"button\" class=\"btn btn-primary next\">\n                        Next\n                        <i class=\"glyphicon glyphicon-chevron-right\"><\/i>\n                    <\/button>\n                <\/div>\n            <\/div>\n        <\/div>\n    <\/div>\n<\/div><div id=\"links\" class=\"gallery gallery-4679-1\"><div class=\"gallery-row gallery-columns-3\"><div class=\"gallery-item\"><a href=\"https:\/\/galerija110795.ba\/app\/uploads\/2022\/10\/bg2.jpeg\" title=\"bg2\" data-gallery data-description=\"Photo: Uma Nea Zaimovi\u0107\"><img loading=\"lazy\" decoding=\"async\" width=\"1200\" height=\"900\" src=\"https:\/\/galerija110795.ba\/app\/uploads\/2022\/10\/bg2-1200x900.jpeg\" class=\"img-responsive\" alt=\"\" srcset=\"https:\/\/galerija110795.ba\/app\/uploads\/2022\/10\/bg2-1200x900.jpeg 1200w, https:\/\/galerija110795.ba\/app\/uploads\/2022\/10\/bg2-900x675.jpeg 900w, https:\/\/galerija110795.ba\/app\/uploads\/2022\/10\/bg2-768x576.jpeg 768w, https:\/\/galerija110795.ba\/app\/uploads\/2022\/10\/bg2-1536x1152.jpeg 1536w, https:\/\/galerija110795.ba\/app\/uploads\/2022\/10\/bg2.jpeg 2048w\" sizes=\"auto, (max-width: 1200px) 100vw, 1200px\" \/><\/a><div class=\"caption hidden\">Photo: Uma Nea Zaimovi\u0107<\/div><\/div><div class=\"gallery-item\"><a href=\"https:\/\/galerija110795.ba\/app\/uploads\/2022\/10\/bg.jpeg\" title=\"bg\" data-gallery data-description=\"Photo: Uma Nea Zaimovi\u0107\"><img loading=\"lazy\" decoding=\"async\" width=\"1200\" height=\"900\" src=\"https:\/\/galerija110795.ba\/app\/uploads\/2022\/10\/bg-1200x900.jpeg\" class=\"img-responsive\" alt=\"\" srcset=\"https:\/\/galerija110795.ba\/app\/uploads\/2022\/10\/bg-1200x900.jpeg 1200w, https:\/\/galerija110795.ba\/app\/uploads\/2022\/10\/bg-900x675.jpeg 900w, https:\/\/galerija110795.ba\/app\/uploads\/2022\/10\/bg-768x576.jpeg 768w, https:\/\/galerija110795.ba\/app\/uploads\/2022\/10\/bg-1536x1152.jpeg 1536w, https:\/\/galerija110795.ba\/app\/uploads\/2022\/10\/bg.jpeg 2048w\" sizes=\"auto, (max-width: 1200px) 100vw, 1200px\" \/><\/a><div class=\"caption hidden\">Photo: Uma Nea Zaimovi\u0107<\/div><\/div><div class=\"gallery-item\"><a href=\"https:\/\/galerija110795.ba\/app\/uploads\/2022\/07\/tate-monografija.jpeg\" title=\"tate monografija\" data-gallery data-description=\"\"><img loading=\"lazy\" decoding=\"async\" width=\"1200\" height=\"900\" src=\"https:\/\/galerija110795.ba\/app\/uploads\/2022\/07\/tate-monografija-1200x900.jpeg\" class=\"img-responsive\" alt=\"\" srcset=\"https:\/\/galerija110795.ba\/app\/uploads\/2022\/07\/tate-monografija-1200x900.jpeg 1200w, https:\/\/galerija110795.ba\/app\/uploads\/2022\/07\/tate-monografija-900x675.jpeg 900w, https:\/\/galerija110795.ba\/app\/uploads\/2022\/07\/tate-monografija-768x576.jpeg 768w, https:\/\/galerija110795.ba\/app\/uploads\/2022\/07\/tate-monografija-1536x1152.jpeg 1536w, https:\/\/galerija110795.ba\/app\/uploads\/2022\/07\/tate-monografija.jpeg 2048w\" sizes=\"auto, (max-width: 1200px) 100vw, 1200px\" \/><\/a><\/div><\/div><\/div>\n  <script>\n    jQuery(document).ready(function($) {\n\ndocument.getElementById(\"links\").onclick = function (event) {\n    event = event || window.event;\n    var target = event.target || event.srcElement,\n        link = target.src ? target.parentNode : target,\n        options = {index: link, event: event},\n        links = this.getElementsByTagName(\"a\");\n    blueimp.Gallery(links, options);\n};\n    });\n    \n<\/script>\n  \n","protected":false},"excerpt":{"rendered":"<p>Monografija &#8220;Srebrenica&#8221; Tarika Samaraha i rad &#8220;Bosanska djevojka&#8221; \u0160ejle Kameri\u0107 izlo\u017eeni su u Tate Modern galeriji u Londonu. Izlo\u017eeni radovi se nalaze u centralnom izlo\u017ebenom prostoru, na drugom spratu, kao dio ciklusa \u201c Art and Society\u201d (Umjetnost i dru\u0161tvo), koji predstavlja pri\u010du o na\u010dinima na koji se umjetnici i umjetnost bave dru\u0161tvenom stvarno\u0161\u0107u. &nbsp; Grafiti &hellip; <a href=\"https:\/\/galerija110795.ba\/bs\/monografija-srebrenica-tarika-samaraha-i-rad-bosanska-djevojka-sejle-kameric-izlozeni-u-tate-modern-u-londonu\/\">Continued<\/a><\/p>\n","protected":false},"author":3,"featured_media":4665,"comment_status":"closed","ping_status":"open","sticky":false,"template":"","format":"standard","meta":{"_acf_changed":false,"footnotes":""},"categories":[1],"tags":[62,64,7,67,65,27,66,63],"class_list":["post-4679","post","type-post","status-publish","format-standard","has-post-thumbnail","hentry","category-aktuelno","tag-bosanska-djevojka","tag-galerija","tag-galerija-110795","tag-london-bs","tag-sejla-kameric-bs","tag-tarik-samarah","tag-tate-modern-bs","tag-un-grafiti"],"acf":[],"yoast_head":"<!-- This site is optimized with the Yoast SEO plugin v26.8 - https:\/\/yoast.com\/product\/yoast-seo-wordpress\/ -->\n<title>Monografija &quot;Srebrenica&quot; Tarika Samaraha i rad &quot;Bosanska djevojka&quot; \u0160ejle Kameri\u0107 izlo\u017eeni u Tate Modern u Londonu - Galerija 11\/07\/95<\/title>\n<meta name=\"robots\" content=\"index, follow, max-snippet:-1, max-image-preview:large, max-video-preview:-1\" \/>\n<link rel=\"canonical\" href=\"https:\/\/galerija110795.ba\/bs\/monografija-srebrenica-tarika-samaraha-i-rad-bosanska-djevojka-sejle-kameric-izlozeni-u-tate-modern-u-londonu\/\" \/>\n<meta property=\"og:locale\" content=\"bs_BA\" \/>\n<meta property=\"og:type\" content=\"article\" \/>\n<meta property=\"og:title\" content=\"Monografija &quot;Srebrenica&quot; Tarika Samaraha i rad &quot;Bosanska djevojka&quot; \u0160ejle Kameri\u0107 izlo\u017eeni u Tate Modern u Londonu - Galerija 11\/07\/95\" \/>\n<meta property=\"og:description\" content=\"Monografija &#8220;Srebrenica&#8221; Tarika Samaraha i rad &#8220;Bosanska djevojka&#8221; \u0160ejle Kameri\u0107 izlo\u017eeni su u Tate Modern galeriji u Londonu. Izlo\u017eeni radovi se nalaze u centralnom izlo\u017ebenom prostoru, na drugom spratu, kao dio ciklusa \u201c Art and Society\u201d (Umjetnost i dru\u0161tvo), koji predstavlja pri\u010du o na\u010dinima na koji se umjetnici i umjetnost bave dru\u0161tvenom stvarno\u0161\u0107u. &nbsp; Grafiti &hellip; Continued\" \/>\n<meta property=\"og:url\" content=\"https:\/\/galerija110795.ba\/bs\/monografija-srebrenica-tarika-samaraha-i-rad-bosanska-djevojka-sejle-kameric-izlozeni-u-tate-modern-u-londonu\/\" \/>\n<meta property=\"og:site_name\" content=\"Galerija 11\/07\/95\" \/>\n<meta property=\"article:published_time\" content=\"2022-07-07T10:29:09+00:00\" \/>\n<meta property=\"article:modified_time\" content=\"2023-01-15T12:03:12+00:00\" \/>\n<meta property=\"og:image\" content=\"https:\/\/galerija110795.ba\/app\/uploads\/2022\/10\/bg1.jpeg\" \/>\n\t<meta property=\"og:image:width\" content=\"2048\" \/>\n\t<meta property=\"og:image:height\" content=\"1536\" \/>\n\t<meta property=\"og:image:type\" content=\"image\/jpeg\" \/>\n<meta name=\"author\" content=\"editor\" \/>\n<meta name=\"twitter:card\" content=\"summary_large_image\" \/>\n<meta name=\"twitter:label1\" content=\"Written by\" \/>\n\t<meta name=\"twitter:data1\" content=\"editor\" \/>\n\t<meta name=\"twitter:label2\" content=\"Est. reading time\" \/>\n\t<meta name=\"twitter:data2\" content=\"2 minute\" \/>\n<script type=\"application\/ld+json\" class=\"yoast-schema-graph\">{\"@context\":\"https:\/\/schema.org\",\"@graph\":[{\"@type\":\"Article\",\"@id\":\"https:\/\/galerija110795.ba\/bs\/monografija-srebrenica-tarika-samaraha-i-rad-bosanska-djevojka-sejle-kameric-izlozeni-u-tate-modern-u-londonu\/#article\",\"isPartOf\":{\"@id\":\"https:\/\/galerija110795.ba\/bs\/monografija-srebrenica-tarika-samaraha-i-rad-bosanska-djevojka-sejle-kameric-izlozeni-u-tate-modern-u-londonu\/\"},\"author\":{\"name\":\"editor\",\"@id\":\"https:\/\/galerija110795.ba\/#\/schema\/person\/af0a9c8c91261b0e9711b99689e8cacf\"},\"headline\":\"Monografija &#8220;Srebrenica&#8221; Tarika Samaraha i rad &#8220;Bosanska djevojka&#8221; \u0160ejle Kameri\u0107 izlo\u017eeni u Tate Modern u Londonu\",\"datePublished\":\"2022-07-07T10:29:09+00:00\",\"dateModified\":\"2023-01-15T12:03:12+00:00\",\"mainEntityOfPage\":{\"@id\":\"https:\/\/galerija110795.ba\/bs\/monografija-srebrenica-tarika-samaraha-i-rad-bosanska-djevojka-sejle-kameric-izlozeni-u-tate-modern-u-londonu\/\"},\"wordCount\":391,\"publisher\":{\"@id\":\"https:\/\/galerija110795.ba\/#organization\"},\"image\":{\"@id\":\"https:\/\/galerija110795.ba\/bs\/monografija-srebrenica-tarika-samaraha-i-rad-bosanska-djevojka-sejle-kameric-izlozeni-u-tate-modern-u-londonu\/#primaryimage\"},\"thumbnailUrl\":\"https:\/\/galerija110795.ba\/app\/uploads\/2022\/10\/bg1.jpeg\",\"keywords\":[\"Bosanska djevojka\",\"Galerija\",\"Galerija 11\/07\/95\",\"London\",\"\u0160ejla Kameri\u0107\",\"Tarik Samarah\",\"Tate Modern\",\"UN grafiti\"],\"articleSection\":[\"Aktuelno\"],\"inLanguage\":\"bs-BA\"},{\"@type\":\"WebPage\",\"@id\":\"https:\/\/galerija110795.ba\/bs\/monografija-srebrenica-tarika-samaraha-i-rad-bosanska-djevojka-sejle-kameric-izlozeni-u-tate-modern-u-londonu\/\",\"url\":\"https:\/\/galerija110795.ba\/bs\/monografija-srebrenica-tarika-samaraha-i-rad-bosanska-djevojka-sejle-kameric-izlozeni-u-tate-modern-u-londonu\/\",\"name\":\"Monografija \\\"Srebrenica\\\" Tarika Samaraha i rad \\\"Bosanska djevojka\\\" \u0160ejle Kameri\u0107 izlo\u017eeni u Tate Modern u Londonu - Galerija 11\/07\/95\",\"isPartOf\":{\"@id\":\"https:\/\/galerija110795.ba\/#website\"},\"primaryImageOfPage\":{\"@id\":\"https:\/\/galerija110795.ba\/bs\/monografija-srebrenica-tarika-samaraha-i-rad-bosanska-djevojka-sejle-kameric-izlozeni-u-tate-modern-u-londonu\/#primaryimage\"},\"image\":{\"@id\":\"https:\/\/galerija110795.ba\/bs\/monografija-srebrenica-tarika-samaraha-i-rad-bosanska-djevojka-sejle-kameric-izlozeni-u-tate-modern-u-londonu\/#primaryimage\"},\"thumbnailUrl\":\"https:\/\/galerija110795.ba\/app\/uploads\/2022\/10\/bg1.jpeg\",\"datePublished\":\"2022-07-07T10:29:09+00:00\",\"dateModified\":\"2023-01-15T12:03:12+00:00\",\"breadcrumb\":{\"@id\":\"https:\/\/galerija110795.ba\/bs\/monografija-srebrenica-tarika-samaraha-i-rad-bosanska-djevojka-sejle-kameric-izlozeni-u-tate-modern-u-londonu\/#breadcrumb\"},\"inLanguage\":\"bs-BA\",\"potentialAction\":[{\"@type\":\"ReadAction\",\"target\":[\"https:\/\/galerija110795.ba\/bs\/monografija-srebrenica-tarika-samaraha-i-rad-bosanska-djevojka-sejle-kameric-izlozeni-u-tate-modern-u-londonu\/\"]}]},{\"@type\":\"ImageObject\",\"inLanguage\":\"bs-BA\",\"@id\":\"https:\/\/galerija110795.ba\/bs\/monografija-srebrenica-tarika-samaraha-i-rad-bosanska-djevojka-sejle-kameric-izlozeni-u-tate-modern-u-londonu\/#primaryimage\",\"url\":\"https:\/\/galerija110795.ba\/app\/uploads\/2022\/10\/bg1.jpeg\",\"contentUrl\":\"https:\/\/galerija110795.ba\/app\/uploads\/2022\/10\/bg1.jpeg\",\"width\":2048,\"height\":1536},{\"@type\":\"BreadcrumbList\",\"@id\":\"https:\/\/galerija110795.ba\/bs\/monografija-srebrenica-tarika-samaraha-i-rad-bosanska-djevojka-sejle-kameric-izlozeni-u-tate-modern-u-londonu\/#breadcrumb\",\"itemListElement\":[{\"@type\":\"ListItem\",\"position\":1,\"name\":\"Home\",\"item\":\"https:\/\/galerija110795.ba\/\"},{\"@type\":\"ListItem\",\"position\":2,\"name\":\"Monografija &#8220;Srebrenica&#8221; Tarika Samaraha i rad &#8220;Bosanska djevojka&#8221; \u0160ejle Kameri\u0107 izlo\u017eeni u Tate Modern u Londonu\"}]},{\"@type\":\"WebSite\",\"@id\":\"https:\/\/galerija110795.ba\/#website\",\"url\":\"https:\/\/galerija110795.ba\/\",\"name\":\"Galerija 11\/07\/95\",\"description\":\"Prva memorijalna galerija u Bosni i Hercegovini, izlo\u017ebeni prostor kojem je cilj o\u010duvati sje\u0107anja na  tragediju Srebrenice i 8372 osobe tragi\u010dno stradale u srebreni\u010dkom genocidu.\",\"publisher\":{\"@id\":\"https:\/\/galerija110795.ba\/#organization\"},\"potentialAction\":[{\"@type\":\"SearchAction\",\"target\":{\"@type\":\"EntryPoint\",\"urlTemplate\":\"https:\/\/galerija110795.ba\/?s={search_term_string}\"},\"query-input\":{\"@type\":\"PropertyValueSpecification\",\"valueRequired\":true,\"valueName\":\"search_term_string\"}}],\"inLanguage\":\"bs-BA\"},{\"@type\":\"Organization\",\"@id\":\"https:\/\/galerija110795.ba\/#organization\",\"name\":\"Galerija 11\/07\/95\",\"url\":\"https:\/\/galerija110795.ba\/\",\"logo\":{\"@type\":\"ImageObject\",\"inLanguage\":\"bs-BA\",\"@id\":\"https:\/\/galerija110795.ba\/#\/schema\/logo\/image\/\",\"url\":\"https:\/\/galerija110795.ba\/app\/uploads\/2013\/09\/galerija_110795_logo.png\",\"contentUrl\":\"https:\/\/galerija110795.ba\/app\/uploads\/2013\/09\/galerija_110795_logo.png\",\"width\":1254,\"height\":408,\"caption\":\"Galerija 11\/07\/95\"},\"image\":{\"@id\":\"https:\/\/galerija110795.ba\/#\/schema\/logo\/image\/\"}},{\"@type\":\"Person\",\"@id\":\"https:\/\/galerija110795.ba\/#\/schema\/person\/af0a9c8c91261b0e9711b99689e8cacf\",\"name\":\"editor\",\"image\":{\"@type\":\"ImageObject\",\"inLanguage\":\"bs-BA\",\"@id\":\"https:\/\/galerija110795.ba\/#\/schema\/person\/image\/\",\"url\":\"https:\/\/secure.gravatar.com\/avatar\/ae92a6b059d73271ba94f17e36bce64d10cf523d83cc8dda3e5415930be67445?s=96&d=mm&r=g\",\"contentUrl\":\"https:\/\/secure.gravatar.com\/avatar\/ae92a6b059d73271ba94f17e36bce64d10cf523d83cc8dda3e5415930be67445?s=96&d=mm&r=g\",\"caption\":\"editor\"},\"url\":\"https:\/\/galerija110795.ba\/bs\/author\/editor\/\"}]}<\/script>\n<!-- \/ Yoast SEO plugin. -->","yoast_head_json":{"title":"Monografija \"Srebrenica\" Tarika Samaraha i rad \"Bosanska djevojka\" \u0160ejle Kameri\u0107 izlo\u017eeni u Tate Modern u Londonu - Galerija 11\/07\/95","robots":{"index":"index","follow":"follow","max-snippet":"max-snippet:-1","max-image-preview":"max-image-preview:large","max-video-preview":"max-video-preview:-1"},"canonical":"https:\/\/galerija110795.ba\/bs\/monografija-srebrenica-tarika-samaraha-i-rad-bosanska-djevojka-sejle-kameric-izlozeni-u-tate-modern-u-londonu\/","og_locale":"bs_BA","og_type":"article","og_title":"Monografija \"Srebrenica\" Tarika Samaraha i rad \"Bosanska djevojka\" \u0160ejle Kameri\u0107 izlo\u017eeni u Tate Modern u Londonu - Galerija 11\/07\/95","og_description":"Monografija &#8220;Srebrenica&#8221; Tarika Samaraha i rad &#8220;Bosanska djevojka&#8221; \u0160ejle Kameri\u0107 izlo\u017eeni su u Tate Modern galeriji u Londonu. Izlo\u017eeni radovi se nalaze u centralnom izlo\u017ebenom prostoru, na drugom spratu, kao dio ciklusa \u201c Art and Society\u201d (Umjetnost i dru\u0161tvo), koji predstavlja pri\u010du o na\u010dinima na koji se umjetnici i umjetnost bave dru\u0161tvenom stvarno\u0161\u0107u. &nbsp; Grafiti &hellip; Continued","og_url":"https:\/\/galerija110795.ba\/bs\/monografija-srebrenica-tarika-samaraha-i-rad-bosanska-djevojka-sejle-kameric-izlozeni-u-tate-modern-u-londonu\/","og_site_name":"Galerija 11\/07\/95","article_published_time":"2022-07-07T10:29:09+00:00","article_modified_time":"2023-01-15T12:03:12+00:00","og_image":[{"width":2048,"height":1536,"url":"https:\/\/galerija110795.ba\/app\/uploads\/2022\/10\/bg1.jpeg","type":"image\/jpeg"}],"author":"editor","twitter_card":"summary_large_image","twitter_misc":{"Written by":"editor","Est. reading time":"2 minute"},"schema":{"@context":"https:\/\/schema.org","@graph":[{"@type":"Article","@id":"https:\/\/galerija110795.ba\/bs\/monografija-srebrenica-tarika-samaraha-i-rad-bosanska-djevojka-sejle-kameric-izlozeni-u-tate-modern-u-londonu\/#article","isPartOf":{"@id":"https:\/\/galerija110795.ba\/bs\/monografija-srebrenica-tarika-samaraha-i-rad-bosanska-djevojka-sejle-kameric-izlozeni-u-tate-modern-u-londonu\/"},"author":{"name":"editor","@id":"https:\/\/galerija110795.ba\/#\/schema\/person\/af0a9c8c91261b0e9711b99689e8cacf"},"headline":"Monografija &#8220;Srebrenica&#8221; Tarika Samaraha i rad &#8220;Bosanska djevojka&#8221; \u0160ejle Kameri\u0107 izlo\u017eeni u Tate Modern u Londonu","datePublished":"2022-07-07T10:29:09+00:00","dateModified":"2023-01-15T12:03:12+00:00","mainEntityOfPage":{"@id":"https:\/\/galerija110795.ba\/bs\/monografija-srebrenica-tarika-samaraha-i-rad-bosanska-djevojka-sejle-kameric-izlozeni-u-tate-modern-u-londonu\/"},"wordCount":391,"publisher":{"@id":"https:\/\/galerija110795.ba\/#organization"},"image":{"@id":"https:\/\/galerija110795.ba\/bs\/monografija-srebrenica-tarika-samaraha-i-rad-bosanska-djevojka-sejle-kameric-izlozeni-u-tate-modern-u-londonu\/#primaryimage"},"thumbnailUrl":"https:\/\/galerija110795.ba\/app\/uploads\/2022\/10\/bg1.jpeg","keywords":["Bosanska djevojka","Galerija","Galerija 11\/07\/95","London","\u0160ejla Kameri\u0107","Tarik Samarah","Tate Modern","UN grafiti"],"articleSection":["Aktuelno"],"inLanguage":"bs-BA"},{"@type":"WebPage","@id":"https:\/\/galerija110795.ba\/bs\/monografija-srebrenica-tarika-samaraha-i-rad-bosanska-djevojka-sejle-kameric-izlozeni-u-tate-modern-u-londonu\/","url":"https:\/\/galerija110795.ba\/bs\/monografija-srebrenica-tarika-samaraha-i-rad-bosanska-djevojka-sejle-kameric-izlozeni-u-tate-modern-u-londonu\/","name":"Monografija \"Srebrenica\" Tarika Samaraha i rad \"Bosanska djevojka\" \u0160ejle Kameri\u0107 izlo\u017eeni u Tate Modern u Londonu - Galerija 11\/07\/95","isPartOf":{"@id":"https:\/\/galerija110795.ba\/#website"},"primaryImageOfPage":{"@id":"https:\/\/galerija110795.ba\/bs\/monografija-srebrenica-tarika-samaraha-i-rad-bosanska-djevojka-sejle-kameric-izlozeni-u-tate-modern-u-londonu\/#primaryimage"},"image":{"@id":"https:\/\/galerija110795.ba\/bs\/monografija-srebrenica-tarika-samaraha-i-rad-bosanska-djevojka-sejle-kameric-izlozeni-u-tate-modern-u-londonu\/#primaryimage"},"thumbnailUrl":"https:\/\/galerija110795.ba\/app\/uploads\/2022\/10\/bg1.jpeg","datePublished":"2022-07-07T10:29:09+00:00","dateModified":"2023-01-15T12:03:12+00:00","breadcrumb":{"@id":"https:\/\/galerija110795.ba\/bs\/monografija-srebrenica-tarika-samaraha-i-rad-bosanska-djevojka-sejle-kameric-izlozeni-u-tate-modern-u-londonu\/#breadcrumb"},"inLanguage":"bs-BA","potentialAction":[{"@type":"ReadAction","target":["https:\/\/galerija110795.ba\/bs\/monografija-srebrenica-tarika-samaraha-i-rad-bosanska-djevojka-sejle-kameric-izlozeni-u-tate-modern-u-londonu\/"]}]},{"@type":"ImageObject","inLanguage":"bs-BA","@id":"https:\/\/galerija110795.ba\/bs\/monografija-srebrenica-tarika-samaraha-i-rad-bosanska-djevojka-sejle-kameric-izlozeni-u-tate-modern-u-londonu\/#primaryimage","url":"https:\/\/galerija110795.ba\/app\/uploads\/2022\/10\/bg1.jpeg","contentUrl":"https:\/\/galerija110795.ba\/app\/uploads\/2022\/10\/bg1.jpeg","width":2048,"height":1536},{"@type":"BreadcrumbList","@id":"https:\/\/galerija110795.ba\/bs\/monografija-srebrenica-tarika-samaraha-i-rad-bosanska-djevojka-sejle-kameric-izlozeni-u-tate-modern-u-londonu\/#breadcrumb","itemListElement":[{"@type":"ListItem","position":1,"name":"Home","item":"https:\/\/galerija110795.ba\/"},{"@type":"ListItem","position":2,"name":"Monografija &#8220;Srebrenica&#8221; Tarika Samaraha i rad &#8220;Bosanska djevojka&#8221; \u0160ejle Kameri\u0107 izlo\u017eeni u Tate Modern u Londonu"}]},{"@type":"WebSite","@id":"https:\/\/galerija110795.ba\/#website","url":"https:\/\/galerija110795.ba\/","name":"Galerija 11\/07\/95","description":"Prva memorijalna galerija u Bosni i Hercegovini, izlo\u017ebeni prostor kojem je cilj o\u010duvati sje\u0107anja na  tragediju Srebrenice i 8372 osobe tragi\u010dno stradale u srebreni\u010dkom genocidu.","publisher":{"@id":"https:\/\/galerija110795.ba\/#organization"},"potentialAction":[{"@type":"SearchAction","target":{"@type":"EntryPoint","urlTemplate":"https:\/\/galerija110795.ba\/?s={search_term_string}"},"query-input":{"@type":"PropertyValueSpecification","valueRequired":true,"valueName":"search_term_string"}}],"inLanguage":"bs-BA"},{"@type":"Organization","@id":"https:\/\/galerija110795.ba\/#organization","name":"Galerija 11\/07\/95","url":"https:\/\/galerija110795.ba\/","logo":{"@type":"ImageObject","inLanguage":"bs-BA","@id":"https:\/\/galerija110795.ba\/#\/schema\/logo\/image\/","url":"https:\/\/galerija110795.ba\/app\/uploads\/2013\/09\/galerija_110795_logo.png","contentUrl":"https:\/\/galerija110795.ba\/app\/uploads\/2013\/09\/galerija_110795_logo.png","width":1254,"height":408,"caption":"Galerija 11\/07\/95"},"image":{"@id":"https:\/\/galerija110795.ba\/#\/schema\/logo\/image\/"}},{"@type":"Person","@id":"https:\/\/galerija110795.ba\/#\/schema\/person\/af0a9c8c91261b0e9711b99689e8cacf","name":"editor","image":{"@type":"ImageObject","inLanguage":"bs-BA","@id":"https:\/\/galerija110795.ba\/#\/schema\/person\/image\/","url":"https:\/\/secure.gravatar.com\/avatar\/ae92a6b059d73271ba94f17e36bce64d10cf523d83cc8dda3e5415930be67445?s=96&d=mm&r=g","contentUrl":"https:\/\/secure.gravatar.com\/avatar\/ae92a6b059d73271ba94f17e36bce64d10cf523d83cc8dda3e5415930be67445?s=96&d=mm&r=g","caption":"editor"},"url":"https:\/\/galerija110795.ba\/bs\/author\/editor\/"}]}},"wpml_current_locale":"bs_BA","wpml_translations":{"bs_BA":{"locale":"bs_BA","id":4679,"slug":"monografija-srebrenica-tarika-samaraha-i-rad-bosanska-djevojka-sejle-kameric-izlozeni-u-tate-modern-u-londonu","post_title":"Monografija \"Srebrenica\" Tarika Samaraha i rad \"Bosanska djevojka\" \u0160ejle Kameri\u0107 izlo\u017eeni u Tate Modern u Londonu","href":"https:\/\/galerija110795.ba\/bs\/monografija-srebrenica-tarika-samaraha-i-rad-bosanska-djevojka-sejle-kameric-izlozeni-u-tate-modern-u-londonu\/"},"en_US":{"locale":"en_US","id":4657,"slug":"monography-srebrenica-by-tarik-samarah-and-the-artwork-bosnian-girl-by-sejla-kameric-are-displayed-in-londons-tate-modern-gallery","post_title":"Monography \"Srebrenica\" by Tarik Samarah and the artwork \u201cBosnian Girl\u201d by \u0160ejla Kameri\u0107 are displayed in London's Tate Modern gallery","href":"https:\/\/galerija110795.ba\/monography-srebrenica-by-tarik-samarah-and-the-artwork-bosnian-girl-by-sejla-kameric-are-displayed-in-londons-tate-modern-gallery\/"}},"_links":{"self":[{"href":"https:\/\/galerija110795.ba\/bs\/wp-json\/wp\/v2\/posts\/4679","targetHints":{"allow":["GET"]}}],"collection":[{"href":"https:\/\/galerija110795.ba\/bs\/wp-json\/wp\/v2\/posts"}],"about":[{"href":"https:\/\/galerija110795.ba\/bs\/wp-json\/wp\/v2\/types\/post"}],"author":[{"embeddable":true,"href":"https:\/\/galerija110795.ba\/bs\/wp-json\/wp\/v2\/users\/3"}],"replies":[{"embeddable":true,"href":"https:\/\/galerija110795.ba\/bs\/wp-json\/wp\/v2\/comments?post=4679"}],"version-history":[{"count":15,"href":"https:\/\/galerija110795.ba\/bs\/wp-json\/wp\/v2\/posts\/4679\/revisions"}],"predecessor-version":[{"id":4845,"href":"https:\/\/galerija110795.ba\/bs\/wp-json\/wp\/v2\/posts\/4679\/revisions\/4845"}],"wp:featuredmedia":[{"embeddable":true,"href":"https:\/\/galerija110795.ba\/bs\/wp-json\/wp\/v2\/media\/4665"}],"wp:attachment":[{"href":"https:\/\/galerija110795.ba\/bs\/wp-json\/wp\/v2\/media?parent=4679"}],"wp:term":[{"taxonomy":"category","embeddable":true,"href":"https:\/\/galerija110795.ba\/bs\/wp-json\/wp\/v2\/categories?post=4679"},{"taxonomy":"post_tag","embeddable":true,"href":"https:\/\/galerija110795.ba\/bs\/wp-json\/wp\/v2\/tags?post=4679"}],"curies":[{"name":"wp","href":"https:\/\/api.w.org\/{rel}","templated":true}]}}