{"id":4604,"date":"2022-07-09T11:08:07","date_gmt":"2022-07-09T09:08:07","guid":{"rendered":"https:\/\/galerija110795.ba\/?p=4604"},"modified":"2022-10-14T10:28:00","modified_gmt":"2022-10-14T08:28:00","slug":"petar-hanke-clan-becke-gradske-vlade-u-posjeti-galeriji-11-07-95","status":"publish","type":"post","link":"https:\/\/galerija110795.ba\/bs\/petar-hanke-clan-becke-gradske-vlade-u-posjeti-galeriji-11-07-95\/","title":{"rendered":"Petar Hanke, \u010dlan be\u010dke gradske vlade u posjeti Galeriji 11\/07\/95"},"content":{"rendered":"<p style=\"text-align: left;\"><img decoding=\"async\" class=\"img-responsive alignleft\" src=\"https:\/\/galerija110795.ba\/app\/uploads\/2022\/10\/292379537_2908410349305806_2607119477797165238_n.jpeg\" alt=\"\"\/><strong>Petar Hanke<\/strong>, \u010dlan be\u010dke gradske vlade koji vodi resor za finansije, privredu, rad, internacionalne odnose i javna preduze\u0107a posjetio je Galeriju 11\/07\/95. Tarik Samarah, osniva\u010d i autor stalne postavke o Srebrenici, proveo je delegaciju kroz Galeriju.<\/p>\n<p style=\"text-align: left;\">G. Samarah je razgovarao sa g. Hanke o genocidu u Srebrenici i njegovim posljedicama, isti\u010du\u0107i zna\u010daj kontinuirane memorijalizacije tragi\u010dnih de\u0161avanja kao \u0161to je genocid u Srebrenici kroz kulturu i umjetnost.<\/p>\n<p style=\"text-align: left;\">Nakon obilaska Galerije, g. Hanke je izjavio: <em>\u201eIzlo\u017eba je jako emotivna. Hvala vam za te\u017eak rad koji obavljate, pokazuju\u0107i nam kakav je rat i da se moramo svi zajedno boriti za bolju budu\u0107nost. Be\u010d i Sarajevo imaju posebnu povezanost i oni tu vezu shvataju veoma ozbiljno\u201c.<\/em><\/p>\n","protected":false},"excerpt":{"rendered":"<p>Petar Hanke, \u010dlan be\u010dke gradske vlade koji vodi resor za finansije, privredu, rad, internacionalne odnose i javna preduze\u0107a posjetio je Galeriju 11\/07\/95. Tarik Samarah, osniva\u010d i autor stalne postavke o Srebrenici, proveo je delegaciju kroz Galeriju. G. Samarah je razgovarao sa g. Hanke o genocidu u Srebrenici i njegovim posljedicama, isti\u010du\u0107i zna\u010daj kontinuirane memorijalizacije tragi\u010dnih &hellip; <a href=\"https:\/\/galerija110795.ba\/bs\/petar-hanke-clan-becke-gradske-vlade-u-posjeti-galeriji-11-07-95\/\">Continued<\/a><\/p>\n","protected":false},"author":3,"featured_media":4590,"comment_status":"closed","ping_status":"open","sticky":false,"template":"","format":"standard","meta":{"_acf_changed":false,"footnotes":""},"categories":[1],"tags":[42,69,7,31,43,44,41,19],"class_list":["post-4604","post","type-post","status-publish","format-standard","has-post-thumbnail","hentry","category-aktuelno","tag-bec","tag-delegacija","tag-galerija-110795","tag-genocid","tag-gradska-vlada","tag-kultura-sjecanja","tag-posjeta","tag-srebrenica"],"acf":[],"yoast_head":"<!-- This site is optimized with the Yoast SEO plugin v26.8 - https:\/\/yoast.com\/product\/yoast-seo-wordpress\/ -->\n<title>Petar Hanke, \u010dlan be\u010dke gradske vlade u posjeti Galeriji 11\/07\/95 - Galerija 11\/07\/95<\/title>\n<meta name=\"robots\" content=\"index, follow, max-snippet:-1, max-image-preview:large, max-video-preview:-1\" \/>\n<link rel=\"canonical\" href=\"https:\/\/galerija110795.ba\/bs\/petar-hanke-clan-becke-gradske-vlade-u-posjeti-galeriji-11-07-95\/\" \/>\n<meta property=\"og:locale\" content=\"bs_BA\" \/>\n<meta property=\"og:type\" content=\"article\" \/>\n<meta property=\"og:title\" content=\"Petar Hanke, \u010dlan be\u010dke gradske vlade u posjeti Galeriji 11\/07\/95 - Galerija 11\/07\/95\" \/>\n<meta property=\"og:description\" content=\"Petar Hanke, \u010dlan be\u010dke gradske vlade koji vodi resor za finansije, privredu, rad, internacionalne odnose i javna preduze\u0107a posjetio je Galeriju 11\/07\/95. Tarik Samarah, osniva\u010d i autor stalne postavke o Srebrenici, proveo je delegaciju kroz Galeriju. G. Samarah je razgovarao sa g. Hanke o genocidu u Srebrenici i njegovim posljedicama, isti\u010du\u0107i zna\u010daj kontinuirane memorijalizacije tragi\u010dnih &hellip; Continued\" \/>\n<meta property=\"og:url\" content=\"https:\/\/galerija110795.ba\/bs\/petar-hanke-clan-becke-gradske-vlade-u-posjeti-galeriji-11-07-95\/\" \/>\n<meta property=\"og:site_name\" content=\"Galerija 11\/07\/95\" \/>\n<meta property=\"article:published_time\" content=\"2022-07-09T09:08:07+00:00\" \/>\n<meta property=\"article:modified_time\" content=\"2022-10-14T08:28:00+00:00\" \/>\n<meta property=\"og:image\" content=\"https:\/\/galerija110795.ba\/app\/uploads\/2022\/10\/292379537_2908410349305806_2607119477797165238_n.jpeg\" \/>\n\t<meta property=\"og:image:width\" content=\"526\" \/>\n\t<meta property=\"og:image:height\" content=\"935\" \/>\n\t<meta property=\"og:image:type\" content=\"image\/jpeg\" \/>\n<meta name=\"author\" content=\"editor\" \/>\n<meta name=\"twitter:card\" content=\"summary_large_image\" \/>\n<meta name=\"twitter:label1\" content=\"Written by\" \/>\n\t<meta name=\"twitter:data1\" content=\"editor\" \/>\n\t<meta name=\"twitter:label2\" content=\"Est. reading time\" \/>\n\t<meta name=\"twitter:data2\" content=\"1 minuta\" \/>\n<script type=\"application\/ld+json\" class=\"yoast-schema-graph\">{\"@context\":\"https:\/\/schema.org\",\"@graph\":[{\"@type\":\"Article\",\"@id\":\"https:\/\/galerija110795.ba\/bs\/petar-hanke-clan-becke-gradske-vlade-u-posjeti-galeriji-11-07-95\/#article\",\"isPartOf\":{\"@id\":\"https:\/\/galerija110795.ba\/bs\/petar-hanke-clan-becke-gradske-vlade-u-posjeti-galeriji-11-07-95\/\"},\"author\":{\"name\":\"editor\",\"@id\":\"https:\/\/galerija110795.ba\/#\/schema\/person\/af0a9c8c91261b0e9711b99689e8cacf\"},\"headline\":\"Petar Hanke, \u010dlan be\u010dke gradske vlade u posjeti Galeriji 11\/07\/95\",\"datePublished\":\"2022-07-09T09:08:07+00:00\",\"dateModified\":\"2022-10-14T08:28:00+00:00\",\"mainEntityOfPage\":{\"@id\":\"https:\/\/galerija110795.ba\/bs\/petar-hanke-clan-becke-gradske-vlade-u-posjeti-galeriji-11-07-95\/\"},\"wordCount\":132,\"publisher\":{\"@id\":\"https:\/\/galerija110795.ba\/#organization\"},\"image\":{\"@id\":\"https:\/\/galerija110795.ba\/bs\/petar-hanke-clan-becke-gradske-vlade-u-posjeti-galeriji-11-07-95\/#primaryimage\"},\"thumbnailUrl\":\"https:\/\/galerija110795.ba\/app\/uploads\/2022\/10\/292379537_2908410349305806_2607119477797165238_n.jpeg\",\"keywords\":[\"Be\u010d\",\"Delegacija\",\"Galerija 11\/07\/95\",\"genocid\",\"gradska vlada\",\"kultura sje\u0107anja\",\"posjeta\",\"Srebrenica\"],\"articleSection\":[\"Aktuelno\"],\"inLanguage\":\"bs-BA\"},{\"@type\":\"WebPage\",\"@id\":\"https:\/\/galerija110795.ba\/bs\/petar-hanke-clan-becke-gradske-vlade-u-posjeti-galeriji-11-07-95\/\",\"url\":\"https:\/\/galerija110795.ba\/bs\/petar-hanke-clan-becke-gradske-vlade-u-posjeti-galeriji-11-07-95\/\",\"name\":\"Petar Hanke, \u010dlan be\u010dke gradske vlade u posjeti Galeriji 11\/07\/95 - Galerija 11\/07\/95\",\"isPartOf\":{\"@id\":\"https:\/\/galerija110795.ba\/#website\"},\"primaryImageOfPage\":{\"@id\":\"https:\/\/galerija110795.ba\/bs\/petar-hanke-clan-becke-gradske-vlade-u-posjeti-galeriji-11-07-95\/#primaryimage\"},\"image\":{\"@id\":\"https:\/\/galerija110795.ba\/bs\/petar-hanke-clan-becke-gradske-vlade-u-posjeti-galeriji-11-07-95\/#primaryimage\"},\"thumbnailUrl\":\"https:\/\/galerija110795.ba\/app\/uploads\/2022\/10\/292379537_2908410349305806_2607119477797165238_n.jpeg\",\"datePublished\":\"2022-07-09T09:08:07+00:00\",\"dateModified\":\"2022-10-14T08:28:00+00:00\",\"breadcrumb\":{\"@id\":\"https:\/\/galerija110795.ba\/bs\/petar-hanke-clan-becke-gradske-vlade-u-posjeti-galeriji-11-07-95\/#breadcrumb\"},\"inLanguage\":\"bs-BA\",\"potentialAction\":[{\"@type\":\"ReadAction\",\"target\":[\"https:\/\/galerija110795.ba\/bs\/petar-hanke-clan-becke-gradske-vlade-u-posjeti-galeriji-11-07-95\/\"]}]},{\"@type\":\"ImageObject\",\"inLanguage\":\"bs-BA\",\"@id\":\"https:\/\/galerija110795.ba\/bs\/petar-hanke-clan-becke-gradske-vlade-u-posjeti-galeriji-11-07-95\/#primaryimage\",\"url\":\"https:\/\/galerija110795.ba\/app\/uploads\/2022\/10\/292379537_2908410349305806_2607119477797165238_n.jpeg\",\"contentUrl\":\"https:\/\/galerija110795.ba\/app\/uploads\/2022\/10\/292379537_2908410349305806_2607119477797165238_n.jpeg\",\"width\":526,\"height\":935,\"caption\":\"Peter Hanke, a member of the city government of Vienna visited Gallery 11\/07\/95\"},{\"@type\":\"BreadcrumbList\",\"@id\":\"https:\/\/galerija110795.ba\/bs\/petar-hanke-clan-becke-gradske-vlade-u-posjeti-galeriji-11-07-95\/#breadcrumb\",\"itemListElement\":[{\"@type\":\"ListItem\",\"position\":1,\"name\":\"Home\",\"item\":\"https:\/\/galerija110795.ba\/\"},{\"@type\":\"ListItem\",\"position\":2,\"name\":\"Petar Hanke, \u010dlan be\u010dke gradske vlade u posjeti Galeriji 11\/07\/95\"}]},{\"@type\":\"WebSite\",\"@id\":\"https:\/\/galerija110795.ba\/#website\",\"url\":\"https:\/\/galerija110795.ba\/\",\"name\":\"Galerija 11\/07\/95\",\"description\":\"Prva memorijalna galerija u Bosni i Hercegovini, izlo\u017ebeni prostor kojem je cilj o\u010duvati sje\u0107anja na  tragediju Srebrenice i 8372 osobe tragi\u010dno stradale u srebreni\u010dkom genocidu.\",\"publisher\":{\"@id\":\"https:\/\/galerija110795.ba\/#organization\"},\"potentialAction\":[{\"@type\":\"SearchAction\",\"target\":{\"@type\":\"EntryPoint\",\"urlTemplate\":\"https:\/\/galerija110795.ba\/?s={search_term_string}\"},\"query-input\":{\"@type\":\"PropertyValueSpecification\",\"valueRequired\":true,\"valueName\":\"search_term_string\"}}],\"inLanguage\":\"bs-BA\"},{\"@type\":\"Organization\",\"@id\":\"https:\/\/galerija110795.ba\/#organization\",\"name\":\"Galerija 11\/07\/95\",\"url\":\"https:\/\/galerija110795.ba\/\",\"logo\":{\"@type\":\"ImageObject\",\"inLanguage\":\"bs-BA\",\"@id\":\"https:\/\/galerija110795.ba\/#\/schema\/logo\/image\/\",\"url\":\"https:\/\/galerija110795.ba\/app\/uploads\/2013\/09\/galerija_110795_logo.png\",\"contentUrl\":\"https:\/\/galerija110795.ba\/app\/uploads\/2013\/09\/galerija_110795_logo.png\",\"width\":1254,\"height\":408,\"caption\":\"Galerija 11\/07\/95\"},\"image\":{\"@id\":\"https:\/\/galerija110795.ba\/#\/schema\/logo\/image\/\"}},{\"@type\":\"Person\",\"@id\":\"https:\/\/galerija110795.ba\/#\/schema\/person\/af0a9c8c91261b0e9711b99689e8cacf\",\"name\":\"editor\",\"image\":{\"@type\":\"ImageObject\",\"inLanguage\":\"bs-BA\",\"@id\":\"https:\/\/galerija110795.ba\/#\/schema\/person\/image\/\",\"url\":\"https:\/\/secure.gravatar.com\/avatar\/ae92a6b059d73271ba94f17e36bce64d10cf523d83cc8dda3e5415930be67445?s=96&d=mm&r=g\",\"contentUrl\":\"https:\/\/secure.gravatar.com\/avatar\/ae92a6b059d73271ba94f17e36bce64d10cf523d83cc8dda3e5415930be67445?s=96&d=mm&r=g\",\"caption\":\"editor\"},\"url\":\"https:\/\/galerija110795.ba\/bs\/author\/editor\/\"}]}<\/script>\n<!-- \/ Yoast SEO plugin. -->","yoast_head_json":{"title":"Petar Hanke, \u010dlan be\u010dke gradske vlade u posjeti Galeriji 11\/07\/95 - Galerija 11\/07\/95","robots":{"index":"index","follow":"follow","max-snippet":"max-snippet:-1","max-image-preview":"max-image-preview:large","max-video-preview":"max-video-preview:-1"},"canonical":"https:\/\/galerija110795.ba\/bs\/petar-hanke-clan-becke-gradske-vlade-u-posjeti-galeriji-11-07-95\/","og_locale":"bs_BA","og_type":"article","og_title":"Petar Hanke, \u010dlan be\u010dke gradske vlade u posjeti Galeriji 11\/07\/95 - Galerija 11\/07\/95","og_description":"Petar Hanke, \u010dlan be\u010dke gradske vlade koji vodi resor za finansije, privredu, rad, internacionalne odnose i javna preduze\u0107a posjetio je Galeriju 11\/07\/95. Tarik Samarah, osniva\u010d i autor stalne postavke o Srebrenici, proveo je delegaciju kroz Galeriju. G. Samarah je razgovarao sa g. Hanke o genocidu u Srebrenici i njegovim posljedicama, isti\u010du\u0107i zna\u010daj kontinuirane memorijalizacije tragi\u010dnih &hellip; Continued","og_url":"https:\/\/galerija110795.ba\/bs\/petar-hanke-clan-becke-gradske-vlade-u-posjeti-galeriji-11-07-95\/","og_site_name":"Galerija 11\/07\/95","article_published_time":"2022-07-09T09:08:07+00:00","article_modified_time":"2022-10-14T08:28:00+00:00","og_image":[{"width":526,"height":935,"url":"https:\/\/galerija110795.ba\/app\/uploads\/2022\/10\/292379537_2908410349305806_2607119477797165238_n.jpeg","type":"image\/jpeg"}],"author":"editor","twitter_card":"summary_large_image","twitter_misc":{"Written by":"editor","Est. reading time":"1 minuta"},"schema":{"@context":"https:\/\/schema.org","@graph":[{"@type":"Article","@id":"https:\/\/galerija110795.ba\/bs\/petar-hanke-clan-becke-gradske-vlade-u-posjeti-galeriji-11-07-95\/#article","isPartOf":{"@id":"https:\/\/galerija110795.ba\/bs\/petar-hanke-clan-becke-gradske-vlade-u-posjeti-galeriji-11-07-95\/"},"author":{"name":"editor","@id":"https:\/\/galerija110795.ba\/#\/schema\/person\/af0a9c8c91261b0e9711b99689e8cacf"},"headline":"Petar Hanke, \u010dlan be\u010dke gradske vlade u posjeti Galeriji 11\/07\/95","datePublished":"2022-07-09T09:08:07+00:00","dateModified":"2022-10-14T08:28:00+00:00","mainEntityOfPage":{"@id":"https:\/\/galerija110795.ba\/bs\/petar-hanke-clan-becke-gradske-vlade-u-posjeti-galeriji-11-07-95\/"},"wordCount":132,"publisher":{"@id":"https:\/\/galerija110795.ba\/#organization"},"image":{"@id":"https:\/\/galerija110795.ba\/bs\/petar-hanke-clan-becke-gradske-vlade-u-posjeti-galeriji-11-07-95\/#primaryimage"},"thumbnailUrl":"https:\/\/galerija110795.ba\/app\/uploads\/2022\/10\/292379537_2908410349305806_2607119477797165238_n.jpeg","keywords":["Be\u010d","Delegacija","Galerija 11\/07\/95","genocid","gradska vlada","kultura sje\u0107anja","posjeta","Srebrenica"],"articleSection":["Aktuelno"],"inLanguage":"bs-BA"},{"@type":"WebPage","@id":"https:\/\/galerija110795.ba\/bs\/petar-hanke-clan-becke-gradske-vlade-u-posjeti-galeriji-11-07-95\/","url":"https:\/\/galerija110795.ba\/bs\/petar-hanke-clan-becke-gradske-vlade-u-posjeti-galeriji-11-07-95\/","name":"Petar Hanke, \u010dlan be\u010dke gradske vlade u posjeti Galeriji 11\/07\/95 - Galerija 11\/07\/95","isPartOf":{"@id":"https:\/\/galerija110795.ba\/#website"},"primaryImageOfPage":{"@id":"https:\/\/galerija110795.ba\/bs\/petar-hanke-clan-becke-gradske-vlade-u-posjeti-galeriji-11-07-95\/#primaryimage"},"image":{"@id":"https:\/\/galerija110795.ba\/bs\/petar-hanke-clan-becke-gradske-vlade-u-posjeti-galeriji-11-07-95\/#primaryimage"},"thumbnailUrl":"https:\/\/galerija110795.ba\/app\/uploads\/2022\/10\/292379537_2908410349305806_2607119477797165238_n.jpeg","datePublished":"2022-07-09T09:08:07+00:00","dateModified":"2022-10-14T08:28:00+00:00","breadcrumb":{"@id":"https:\/\/galerija110795.ba\/bs\/petar-hanke-clan-becke-gradske-vlade-u-posjeti-galeriji-11-07-95\/#breadcrumb"},"inLanguage":"bs-BA","potentialAction":[{"@type":"ReadAction","target":["https:\/\/galerija110795.ba\/bs\/petar-hanke-clan-becke-gradske-vlade-u-posjeti-galeriji-11-07-95\/"]}]},{"@type":"ImageObject","inLanguage":"bs-BA","@id":"https:\/\/galerija110795.ba\/bs\/petar-hanke-clan-becke-gradske-vlade-u-posjeti-galeriji-11-07-95\/#primaryimage","url":"https:\/\/galerija110795.ba\/app\/uploads\/2022\/10\/292379537_2908410349305806_2607119477797165238_n.jpeg","contentUrl":"https:\/\/galerija110795.ba\/app\/uploads\/2022\/10\/292379537_2908410349305806_2607119477797165238_n.jpeg","width":526,"height":935,"caption":"Peter Hanke, a member of the city government of Vienna visited Gallery 11\/07\/95"},{"@type":"BreadcrumbList","@id":"https:\/\/galerija110795.ba\/bs\/petar-hanke-clan-becke-gradske-vlade-u-posjeti-galeriji-11-07-95\/#breadcrumb","itemListElement":[{"@type":"ListItem","position":1,"name":"Home","item":"https:\/\/galerija110795.ba\/"},{"@type":"ListItem","position":2,"name":"Petar Hanke, \u010dlan be\u010dke gradske vlade u posjeti Galeriji 11\/07\/95"}]},{"@type":"WebSite","@id":"https:\/\/galerija110795.ba\/#website","url":"https:\/\/galerija110795.ba\/","name":"Galerija 11\/07\/95","description":"Prva memorijalna galerija u Bosni i Hercegovini, izlo\u017ebeni prostor kojem je cilj o\u010duvati sje\u0107anja na  tragediju Srebrenice i 8372 osobe tragi\u010dno stradale u srebreni\u010dkom genocidu.","publisher":{"@id":"https:\/\/galerija110795.ba\/#organization"},"potentialAction":[{"@type":"SearchAction","target":{"@type":"EntryPoint","urlTemplate":"https:\/\/galerija110795.ba\/?s={search_term_string}"},"query-input":{"@type":"PropertyValueSpecification","valueRequired":true,"valueName":"search_term_string"}}],"inLanguage":"bs-BA"},{"@type":"Organization","@id":"https:\/\/galerija110795.ba\/#organization","name":"Galerija 11\/07\/95","url":"https:\/\/galerija110795.ba\/","logo":{"@type":"ImageObject","inLanguage":"bs-BA","@id":"https:\/\/galerija110795.ba\/#\/schema\/logo\/image\/","url":"https:\/\/galerija110795.ba\/app\/uploads\/2013\/09\/galerija_110795_logo.png","contentUrl":"https:\/\/galerija110795.ba\/app\/uploads\/2013\/09\/galerija_110795_logo.png","width":1254,"height":408,"caption":"Galerija 11\/07\/95"},"image":{"@id":"https:\/\/galerija110795.ba\/#\/schema\/logo\/image\/"}},{"@type":"Person","@id":"https:\/\/galerija110795.ba\/#\/schema\/person\/af0a9c8c91261b0e9711b99689e8cacf","name":"editor","image":{"@type":"ImageObject","inLanguage":"bs-BA","@id":"https:\/\/galerija110795.ba\/#\/schema\/person\/image\/","url":"https:\/\/secure.gravatar.com\/avatar\/ae92a6b059d73271ba94f17e36bce64d10cf523d83cc8dda3e5415930be67445?s=96&d=mm&r=g","contentUrl":"https:\/\/secure.gravatar.com\/avatar\/ae92a6b059d73271ba94f17e36bce64d10cf523d83cc8dda3e5415930be67445?s=96&d=mm&r=g","caption":"editor"},"url":"https:\/\/galerija110795.ba\/bs\/author\/editor\/"}]}},"wpml_current_locale":"bs_BA","wpml_translations":{"bs_BA":{"locale":"bs_BA","id":4604,"slug":"petar-hanke-clan-becke-gradske-vlade-u-posjeti-galeriji-11-07-95","post_title":"Petar Hanke, \u010dlan be\u010dke gradske vlade u posjeti Galeriji 11\/07\/95","href":"https:\/\/galerija110795.ba\/bs\/petar-hanke-clan-becke-gradske-vlade-u-posjeti-galeriji-11-07-95\/"}},"_links":{"self":[{"href":"https:\/\/galerija110795.ba\/bs\/wp-json\/wp\/v2\/posts\/4604","targetHints":{"allow":["GET"]}}],"collection":[{"href":"https:\/\/galerija110795.ba\/bs\/wp-json\/wp\/v2\/posts"}],"about":[{"href":"https:\/\/galerija110795.ba\/bs\/wp-json\/wp\/v2\/types\/post"}],"author":[{"embeddable":true,"href":"https:\/\/galerija110795.ba\/bs\/wp-json\/wp\/v2\/users\/3"}],"replies":[{"embeddable":true,"href":"https:\/\/galerija110795.ba\/bs\/wp-json\/wp\/v2\/comments?post=4604"}],"version-history":[{"count":8,"href":"https:\/\/galerija110795.ba\/bs\/wp-json\/wp\/v2\/posts\/4604\/revisions"}],"predecessor-version":[{"id":4724,"href":"https:\/\/galerija110795.ba\/bs\/wp-json\/wp\/v2\/posts\/4604\/revisions\/4724"}],"wp:featuredmedia":[{"embeddable":true,"href":"https:\/\/galerija110795.ba\/bs\/wp-json\/wp\/v2\/media\/4590"}],"wp:attachment":[{"href":"https:\/\/galerija110795.ba\/bs\/wp-json\/wp\/v2\/media?parent=4604"}],"wp:term":[{"taxonomy":"category","embeddable":true,"href":"https:\/\/galerija110795.ba\/bs\/wp-json\/wp\/v2\/categories?post=4604"},{"taxonomy":"post_tag","embeddable":true,"href":"https:\/\/galerija110795.ba\/bs\/wp-json\/wp\/v2\/tags?post=4604"}],"curies":[{"name":"wp","href":"https:\/\/api.w.org\/{rel}","templated":true}]}}