{"id":4461,"date":"2021-07-12T21:13:06","date_gmt":"2021-07-12T19:13:06","guid":{"rendered":"https:\/\/galerija110795.ba\/?p=4461"},"modified":"2021-12-01T23:15:19","modified_gmt":"2021-12-01T22:15:19","slug":"galerija-11-07-95-grafiti-un-vojnika-u-fokusu-ovogodisnjeg-obiljezavanja-genocida-u-srebrenici","status":"publish","type":"post","link":"https:\/\/galerija110795.ba\/bs\/galerija-11-07-95-grafiti-un-vojnika-u-fokusu-ovogodisnjeg-obiljezavanja-genocida-u-srebrenici\/","title":{"rendered":"Galerija 11\/07\/95: grafiti UN vojnika u fokusu ovogodi\u0161njeg obilje\u017eavanja genocida u Srebrenici"},"content":{"rendered":"<p style=\"text-align: left;\">\u00a026. godi\u0161njicu genocida u Srebrenici, ali ujedno i devetu godi\u0161njicu svog rada, Galerija 11\/07\/95 obilje\u017eila je fokusiraju\u0107i se na temu odnosa i percepcije me\u0111unarodne zajednice spram rata u Bosni i Hercegovini i genocida u Srebrenici. U julu 1995. godine, u periodu od samo nekoliko dana, ubijeno je preko 8000 osoba samo zbog druga\u010dijeg imena, religije, etni\u010dke pripadnosti. Nalogodavci i izvr\u0161itelji zlo\u010dina su poznati. Prije samo nekoliko sedmica Ratko Mladi\u0107, glavni general Vojske Republike Srpske, osu\u0111en je na do\u017eivotni zatvor. Jedna od ta\u010daka po kojoj je osu\u0111en je i genocid u Srebrenici. Porodice \u017ertava genocida jo\u0161 uvijek tra\u017ee ostatke najmilijih, a genocid i trauma genocida ostaju kao trajni zapis nara\u0161taja koji su do\u0161li nakon genocida i onih koji \u0107e tek do\u0107i. Me\u0111utim, osim pozicijom \u017ertava i po\u010dinioca, pri\u010da o genocidu u Srebrenici, njena historijska konstrukcija, sje\u0107anje i pam\u0107enje genocida definisani su i tre\u0107om pozicijom. Radi se o poziciji posmatra\u010da, onog direktnog pred \u010dijim su se o\u010dima de\u0161avali zlo\u010dini, ali i onog indirektnog, koji je skretanjem pogleda, ravnodu\u0161no\u0161\u0107u, predrasudama, isklju\u010divanjem i manjkom empatije omogu\u0107io genocid.<\/p>\n<p style=\"text-align: left;\">\u00a0Dio stalne postavke Galerije 11\/07\/95 \u010dine fotografije grafita koje su pisali UN vojnici, za vrijeme njihovog mandata u Srebrenici. Trupe Kraljevske nizozemske vojske su u okviru svog djelovanja u sastavu UNPROFOR-a (mirovnih snaga Ujedinjenih Nacija), od 1993. do 1995. godine bile odgovorne za sigurnost za\u0161ti\u0107ene zone Srebrenica.<br \/>\nFotografije grafita je zabilje\u017eio, nedugo nakon rata, Tarik Samarah. One \u010dine integralni dio njegove umjetni\u010dke pri\u010de o Srebrenici, koja je osnova stalne postavke Galerije 11\/07\/95.<\/p>\n<p style=\"text-align: left;\">Grafiti koje su pisali UN vojnici na zidovima prostorija u kojima su bili smje\u0161teni, otkrivaju predrasude, miskoncepcije i dehumanizaciju lokalnog stanovni\u0161tva. Skretanje pogleda, nemogu\u0107nost empatije i nerazumijevanje pozicije \u017ertve, dio su narativa koje je odredio sudbinu \u017ertava iz Srebrenice.<\/p>\n<p style=\"text-align: left;\">\u00a0Tarik Samarah, fotograf i direktor Galerije 11\/07\/95 o zna\u010daju grafita rekao je sljede\u0107e: \u201eGrafiti koje su pisali UN vojnici na zidovima biv\u0161e fabrike akumulatora u Poto\u010darima ilustrativna su metafora indiferentnog odnosa me\u0111unarodne zajednice prema bosanskim muslimanima tokom devedesetih godina. Grafiti predstavljaju dokument i njihov vlastiti iskaz o predrasudama, ravnodu\u0161nosti i manjku empatije. Fotografije grafita su sastavni dio moje fotografske pri\u010de o Srebrenice, jer osim onih koji su po\u010dinili zlo\u010dine u Srebrenici, postojali su i oni koji su mogli sprije\u010diti genocid, a nisu. Oklijevanje me\u0111unarodne zajednice da sprije\u010di genocid u Srebrenici, ali i rat u Bosni i Hercegovini, ukorijenjeno je, izme\u0111u ostalog, u predrasudama koje su zabilje\u017eene na ovim grafitima. Stavljaju\u0107i u fokus grafite holandskih vojnika, ove godine \u017eelimo da postavimo pitanje da li bi sudbina Srebrenice bila druga\u010dija da predrasude nisu bile toliko sna\u017ene, ali i da pozovemo na razumijevanje i empatiju kao jedini put sprje\u010davanja nekih novih zlo\u010dina\u201c.<\/p>\n<p style=\"text-align: left;\">\u00a0U sklopu ovogodi\u0161nje teme obilje\u017eavanja 26. godi\u0161njice genocida u Srebrenici, Galerija 11\/07\/95 izla\u017ee rad \u201eBosanska djevojka\u201c bosanskohercegova\u010dke umjetnice \u0160ejle Kameri\u0107. Rad je nastao 2003. godine i radi se o portretu umjetnice preko kojeg su ispisane uvredljive poruke jednog od grafita UN vojnika. Rad je izlo\u017een na fasadi zgrade u kojoj je smje\u0161tena Galerija 11\/07\/95, a cilj izlaganja rada je tematiziranje predrasuda kao diskriminiraju\u0107e prakse koja vodi do zlo\u010dina.<\/p>\n<p style=\"text-align: left;\">\u00a0\u0160ejla Kameri\u0107, autorica konceptualnog rada \u201eBosanska djevojka\u201c u vezi rada rekla je sljede\u0107e: \u201e\u017divimo u stalno ratu u kojem se \u017eenska tijela posmatraju kao teritorija. Bosanska djevojka nisam ja, nego bilo koja djevojka ili \u017eena&#8230;bilo ko \u010dija su prava uskra\u0107ena. Ovaj rad dolazi iz Bosne i Hercegovine, ali govori univerzalnu pri\u010du o mr\u017enji i predrasudama&#8221;. Uz izlaganje rada \u201eBosanska djevojka\u201c, zatim uz svoju stalnu izlo\u017ebu koja je jednim dijelom posve\u0107ena ulozi me\u0111unarodne zajednice i me\u0111unarodne javnosti u genocidu u Srebrenici, Galerija 11\/07\/95 kreirala je i kampanju na dru\u0161tvenim mre\u017eama preko koje, koriste\u0107i fotografije grafita i popratnog teksta, iz nove perspektive osvjetljava ulogu \u201eneutralnog\u201c posmatra\u010da. 12.07.2021. godine Galerija 11\/07\/95 obilje\u017eava i devetu godi\u0161njicu svog rada, a ovaj datum je simboli\u010dno izabran kao dan kada po\u010dinje sje\u0107anje na stradale Srebreni\u010dane. Izlaganjem rada \u201eBosanska djevojka\u201c, Galerija 11\/07\/95 nastavlja svoje aktivnosti na izgradnji kontinuirane kulture sje\u0107anja, vjeruju\u0107i u kulturu i umjetnost kao prakse koje mogu imati transformativnu i iscjeliteljsku mo\u0107 za dru\u0161tvo i zajednicu.<\/p>\n<p><img decoding=\"async\" class=\"img-responsive alignleft\" src=\"https:\/\/galerija110795.ba\/app\/uploads\/2021\/12\/viber_image_2021-12-01_17-16-22-788-600x400.jpg\" alt=\"\"\/><\/p>\n","protected":false},"excerpt":{"rendered":"<p>\u00a026. godi\u0161njicu genocida u Srebrenici, ali ujedno i devetu godi\u0161njicu svog rada, Galerija 11\/07\/95 obilje\u017eila je fokusiraju\u0107i se na temu odnosa i percepcije me\u0111unarodne zajednice spram rata u Bosni i Hercegovini i genocida u Srebrenici. U julu 1995. godine, u periodu od samo nekoliko dana, ubijeno je preko 8000 osoba samo zbog druga\u010dijeg imena, religije, &hellip; <a href=\"https:\/\/galerija110795.ba\/bs\/galerija-11-07-95-grafiti-un-vojnika-u-fokusu-ovogodisnjeg-obiljezavanja-genocida-u-srebrenici\/\">Continued<\/a><\/p>\n","protected":false},"author":2,"featured_media":4463,"comment_status":"closed","ping_status":"open","sticky":false,"template":"","format":"standard","meta":{"_acf_changed":false,"footnotes":""},"categories":[1],"tags":[32,7,31,19,27],"class_list":["post-4461","post","type-post","status-publish","format-standard","has-post-thumbnail","hentry","category-aktuelno","tag-bosnian-girl","tag-galerija-110795","tag-genocid","tag-srebrenica","tag-tarik-samarah"],"acf":[],"yoast_head":"<!-- This site is optimized with the Yoast SEO plugin v26.8 - https:\/\/yoast.com\/product\/yoast-seo-wordpress\/ -->\n<title>Galerija 11\/07\/95: grafiti UN vojnika u fokusu ovogodi\u0161njeg obilje\u017eavanja genocida u Srebrenici - Galerija 11\/07\/95<\/title>\n<meta name=\"robots\" content=\"index, follow, max-snippet:-1, max-image-preview:large, max-video-preview:-1\" \/>\n<link rel=\"canonical\" href=\"https:\/\/galerija110795.ba\/bs\/galerija-11-07-95-grafiti-un-vojnika-u-fokusu-ovogodisnjeg-obiljezavanja-genocida-u-srebrenici\/\" \/>\n<meta property=\"og:locale\" content=\"bs_BA\" \/>\n<meta property=\"og:type\" content=\"article\" \/>\n<meta property=\"og:title\" content=\"Galerija 11\/07\/95: grafiti UN vojnika u fokusu ovogodi\u0161njeg obilje\u017eavanja genocida u Srebrenici - Galerija 11\/07\/95\" \/>\n<meta property=\"og:description\" content=\"\u00a026. godi\u0161njicu genocida u Srebrenici, ali ujedno i devetu godi\u0161njicu svog rada, Galerija 11\/07\/95 obilje\u017eila je fokusiraju\u0107i se na temu odnosa i percepcije me\u0111unarodne zajednice spram rata u Bosni i Hercegovini i genocida u Srebrenici. U julu 1995. godine, u periodu od samo nekoliko dana, ubijeno je preko 8000 osoba samo zbog druga\u010dijeg imena, religije, &hellip; Continued\" \/>\n<meta property=\"og:url\" content=\"https:\/\/galerija110795.ba\/bs\/galerija-11-07-95-grafiti-un-vojnika-u-fokusu-ovogodisnjeg-obiljezavanja-genocida-u-srebrenici\/\" \/>\n<meta property=\"og:site_name\" content=\"Galerija 11\/07\/95\" \/>\n<meta property=\"article:published_time\" content=\"2021-07-12T19:13:06+00:00\" \/>\n<meta property=\"article:modified_time\" content=\"2021-12-01T22:15:19+00:00\" \/>\n<meta property=\"og:image\" content=\"https:\/\/galerija110795.ba\/app\/uploads\/2021\/12\/viber_image_2021-12-01_17-16-22-788.jpg\" \/>\n\t<meta property=\"og:image:width\" content=\"1600\" \/>\n\t<meta property=\"og:image:height\" content=\"1600\" \/>\n\t<meta property=\"og:image:type\" content=\"image\/jpeg\" \/>\n<meta name=\"author\" content=\"Anela Hakalovi\u0107\" \/>\n<meta name=\"twitter:card\" content=\"summary_large_image\" \/>\n<meta name=\"twitter:label1\" content=\"Written by\" \/>\n\t<meta name=\"twitter:data1\" content=\"Anela Hakalovi\u0107\" \/>\n\t<meta name=\"twitter:label2\" content=\"Est. reading time\" \/>\n\t<meta name=\"twitter:data2\" content=\"4 minute\" \/>\n<script type=\"application\/ld+json\" class=\"yoast-schema-graph\">{\"@context\":\"https:\/\/schema.org\",\"@graph\":[{\"@type\":\"Article\",\"@id\":\"https:\/\/galerija110795.ba\/bs\/galerija-11-07-95-grafiti-un-vojnika-u-fokusu-ovogodisnjeg-obiljezavanja-genocida-u-srebrenici\/#article\",\"isPartOf\":{\"@id\":\"https:\/\/galerija110795.ba\/bs\/galerija-11-07-95-grafiti-un-vojnika-u-fokusu-ovogodisnjeg-obiljezavanja-genocida-u-srebrenici\/\"},\"author\":{\"name\":\"Anela Hakalovi\u0107\",\"@id\":\"https:\/\/galerija110795.ba\/#\/schema\/person\/aed85583c0c5ab85318b45909ea22388\"},\"headline\":\"Galerija 11\/07\/95: grafiti UN vojnika u fokusu ovogodi\u0161njeg obilje\u017eavanja genocida u Srebrenici\",\"datePublished\":\"2021-07-12T19:13:06+00:00\",\"dateModified\":\"2021-12-01T22:15:19+00:00\",\"mainEntityOfPage\":{\"@id\":\"https:\/\/galerija110795.ba\/bs\/galerija-11-07-95-grafiti-un-vojnika-u-fokusu-ovogodisnjeg-obiljezavanja-genocida-u-srebrenici\/\"},\"wordCount\":746,\"publisher\":{\"@id\":\"https:\/\/galerija110795.ba\/#organization\"},\"image\":{\"@id\":\"https:\/\/galerija110795.ba\/bs\/galerija-11-07-95-grafiti-un-vojnika-u-fokusu-ovogodisnjeg-obiljezavanja-genocida-u-srebrenici\/#primaryimage\"},\"thumbnailUrl\":\"https:\/\/galerija110795.ba\/app\/uploads\/2021\/12\/viber_image_2021-12-01_17-16-22-788.jpg\",\"keywords\":[\"Bosnian Girl\",\"Galerija 11\/07\/95\",\"genocid\",\"Srebrenica\",\"Tarik Samarah\"],\"articleSection\":[\"Aktuelno\"],\"inLanguage\":\"bs-BA\"},{\"@type\":\"WebPage\",\"@id\":\"https:\/\/galerija110795.ba\/bs\/galerija-11-07-95-grafiti-un-vojnika-u-fokusu-ovogodisnjeg-obiljezavanja-genocida-u-srebrenici\/\",\"url\":\"https:\/\/galerija110795.ba\/bs\/galerija-11-07-95-grafiti-un-vojnika-u-fokusu-ovogodisnjeg-obiljezavanja-genocida-u-srebrenici\/\",\"name\":\"Galerija 11\/07\/95: grafiti UN vojnika u fokusu ovogodi\u0161njeg obilje\u017eavanja genocida u Srebrenici - Galerija 11\/07\/95\",\"isPartOf\":{\"@id\":\"https:\/\/galerija110795.ba\/#website\"},\"primaryImageOfPage\":{\"@id\":\"https:\/\/galerija110795.ba\/bs\/galerija-11-07-95-grafiti-un-vojnika-u-fokusu-ovogodisnjeg-obiljezavanja-genocida-u-srebrenici\/#primaryimage\"},\"image\":{\"@id\":\"https:\/\/galerija110795.ba\/bs\/galerija-11-07-95-grafiti-un-vojnika-u-fokusu-ovogodisnjeg-obiljezavanja-genocida-u-srebrenici\/#primaryimage\"},\"thumbnailUrl\":\"https:\/\/galerija110795.ba\/app\/uploads\/2021\/12\/viber_image_2021-12-01_17-16-22-788.jpg\",\"datePublished\":\"2021-07-12T19:13:06+00:00\",\"dateModified\":\"2021-12-01T22:15:19+00:00\",\"breadcrumb\":{\"@id\":\"https:\/\/galerija110795.ba\/bs\/galerija-11-07-95-grafiti-un-vojnika-u-fokusu-ovogodisnjeg-obiljezavanja-genocida-u-srebrenici\/#breadcrumb\"},\"inLanguage\":\"bs-BA\",\"potentialAction\":[{\"@type\":\"ReadAction\",\"target\":[\"https:\/\/galerija110795.ba\/bs\/galerija-11-07-95-grafiti-un-vojnika-u-fokusu-ovogodisnjeg-obiljezavanja-genocida-u-srebrenici\/\"]}]},{\"@type\":\"ImageObject\",\"inLanguage\":\"bs-BA\",\"@id\":\"https:\/\/galerija110795.ba\/bs\/galerija-11-07-95-grafiti-un-vojnika-u-fokusu-ovogodisnjeg-obiljezavanja-genocida-u-srebrenici\/#primaryimage\",\"url\":\"https:\/\/galerija110795.ba\/app\/uploads\/2021\/12\/viber_image_2021-12-01_17-16-22-788.jpg\",\"contentUrl\":\"https:\/\/galerija110795.ba\/app\/uploads\/2021\/12\/viber_image_2021-12-01_17-16-22-788.jpg\",\"width\":1600,\"height\":1600},{\"@type\":\"BreadcrumbList\",\"@id\":\"https:\/\/galerija110795.ba\/bs\/galerija-11-07-95-grafiti-un-vojnika-u-fokusu-ovogodisnjeg-obiljezavanja-genocida-u-srebrenici\/#breadcrumb\",\"itemListElement\":[{\"@type\":\"ListItem\",\"position\":1,\"name\":\"Home\",\"item\":\"https:\/\/galerija110795.ba\/\"},{\"@type\":\"ListItem\",\"position\":2,\"name\":\"Galerija 11\/07\/95: grafiti UN vojnika u fokusu ovogodi\u0161njeg obilje\u017eavanja genocida u Srebrenici\"}]},{\"@type\":\"WebSite\",\"@id\":\"https:\/\/galerija110795.ba\/#website\",\"url\":\"https:\/\/galerija110795.ba\/\",\"name\":\"Galerija 11\/07\/95\",\"description\":\"Prva memorijalna galerija u Bosni i Hercegovini, izlo\u017ebeni prostor kojem je cilj o\u010duvati sje\u0107anja na  tragediju Srebrenice i 8372 osobe tragi\u010dno stradale u srebreni\u010dkom genocidu.\",\"publisher\":{\"@id\":\"https:\/\/galerija110795.ba\/#organization\"},\"potentialAction\":[{\"@type\":\"SearchAction\",\"target\":{\"@type\":\"EntryPoint\",\"urlTemplate\":\"https:\/\/galerija110795.ba\/?s={search_term_string}\"},\"query-input\":{\"@type\":\"PropertyValueSpecification\",\"valueRequired\":true,\"valueName\":\"search_term_string\"}}],\"inLanguage\":\"bs-BA\"},{\"@type\":\"Organization\",\"@id\":\"https:\/\/galerija110795.ba\/#organization\",\"name\":\"Galerija 11\/07\/95\",\"url\":\"https:\/\/galerija110795.ba\/\",\"logo\":{\"@type\":\"ImageObject\",\"inLanguage\":\"bs-BA\",\"@id\":\"https:\/\/galerija110795.ba\/#\/schema\/logo\/image\/\",\"url\":\"https:\/\/galerija110795.ba\/app\/uploads\/2013\/09\/galerija_110795_logo.png\",\"contentUrl\":\"https:\/\/galerija110795.ba\/app\/uploads\/2013\/09\/galerija_110795_logo.png\",\"width\":1254,\"height\":408,\"caption\":\"Galerija 11\/07\/95\"},\"image\":{\"@id\":\"https:\/\/galerija110795.ba\/#\/schema\/logo\/image\/\"}},{\"@type\":\"Person\",\"@id\":\"https:\/\/galerija110795.ba\/#\/schema\/person\/aed85583c0c5ab85318b45909ea22388\",\"name\":\"Anela Hakalovi\u0107\",\"image\":{\"@type\":\"ImageObject\",\"inLanguage\":\"bs-BA\",\"@id\":\"https:\/\/galerija110795.ba\/#\/schema\/person\/image\/\",\"url\":\"https:\/\/secure.gravatar.com\/avatar\/73b0950138c9b13ee821b104d652969835e2e28c1ed741ecae67f3fb387e0a90?s=96&d=mm&r=g\",\"contentUrl\":\"https:\/\/secure.gravatar.com\/avatar\/73b0950138c9b13ee821b104d652969835e2e28c1ed741ecae67f3fb387e0a90?s=96&d=mm&r=g\",\"caption\":\"Anela Hakalovi\u0107\"},\"sameAs\":[\"https:\/\/galerija110795.ba\"],\"url\":\"https:\/\/galerija110795.ba\/bs\/author\/anela\/\"}]}<\/script>\n<!-- \/ Yoast SEO plugin. -->","yoast_head_json":{"title":"Galerija 11\/07\/95: grafiti UN vojnika u fokusu ovogodi\u0161njeg obilje\u017eavanja genocida u Srebrenici - Galerija 11\/07\/95","robots":{"index":"index","follow":"follow","max-snippet":"max-snippet:-1","max-image-preview":"max-image-preview:large","max-video-preview":"max-video-preview:-1"},"canonical":"https:\/\/galerija110795.ba\/bs\/galerija-11-07-95-grafiti-un-vojnika-u-fokusu-ovogodisnjeg-obiljezavanja-genocida-u-srebrenici\/","og_locale":"bs_BA","og_type":"article","og_title":"Galerija 11\/07\/95: grafiti UN vojnika u fokusu ovogodi\u0161njeg obilje\u017eavanja genocida u Srebrenici - Galerija 11\/07\/95","og_description":"\u00a026. godi\u0161njicu genocida u Srebrenici, ali ujedno i devetu godi\u0161njicu svog rada, Galerija 11\/07\/95 obilje\u017eila je fokusiraju\u0107i se na temu odnosa i percepcije me\u0111unarodne zajednice spram rata u Bosni i Hercegovini i genocida u Srebrenici. U julu 1995. godine, u periodu od samo nekoliko dana, ubijeno je preko 8000 osoba samo zbog druga\u010dijeg imena, religije, &hellip; Continued","og_url":"https:\/\/galerija110795.ba\/bs\/galerija-11-07-95-grafiti-un-vojnika-u-fokusu-ovogodisnjeg-obiljezavanja-genocida-u-srebrenici\/","og_site_name":"Galerija 11\/07\/95","article_published_time":"2021-07-12T19:13:06+00:00","article_modified_time":"2021-12-01T22:15:19+00:00","og_image":[{"width":1600,"height":1600,"url":"https:\/\/galerija110795.ba\/app\/uploads\/2021\/12\/viber_image_2021-12-01_17-16-22-788.jpg","type":"image\/jpeg"}],"author":"Anela Hakalovi\u0107","twitter_card":"summary_large_image","twitter_misc":{"Written by":"Anela Hakalovi\u0107","Est. reading time":"4 minute"},"schema":{"@context":"https:\/\/schema.org","@graph":[{"@type":"Article","@id":"https:\/\/galerija110795.ba\/bs\/galerija-11-07-95-grafiti-un-vojnika-u-fokusu-ovogodisnjeg-obiljezavanja-genocida-u-srebrenici\/#article","isPartOf":{"@id":"https:\/\/galerija110795.ba\/bs\/galerija-11-07-95-grafiti-un-vojnika-u-fokusu-ovogodisnjeg-obiljezavanja-genocida-u-srebrenici\/"},"author":{"name":"Anela Hakalovi\u0107","@id":"https:\/\/galerija110795.ba\/#\/schema\/person\/aed85583c0c5ab85318b45909ea22388"},"headline":"Galerija 11\/07\/95: grafiti UN vojnika u fokusu ovogodi\u0161njeg obilje\u017eavanja genocida u Srebrenici","datePublished":"2021-07-12T19:13:06+00:00","dateModified":"2021-12-01T22:15:19+00:00","mainEntityOfPage":{"@id":"https:\/\/galerija110795.ba\/bs\/galerija-11-07-95-grafiti-un-vojnika-u-fokusu-ovogodisnjeg-obiljezavanja-genocida-u-srebrenici\/"},"wordCount":746,"publisher":{"@id":"https:\/\/galerija110795.ba\/#organization"},"image":{"@id":"https:\/\/galerija110795.ba\/bs\/galerija-11-07-95-grafiti-un-vojnika-u-fokusu-ovogodisnjeg-obiljezavanja-genocida-u-srebrenici\/#primaryimage"},"thumbnailUrl":"https:\/\/galerija110795.ba\/app\/uploads\/2021\/12\/viber_image_2021-12-01_17-16-22-788.jpg","keywords":["Bosnian Girl","Galerija 11\/07\/95","genocid","Srebrenica","Tarik Samarah"],"articleSection":["Aktuelno"],"inLanguage":"bs-BA"},{"@type":"WebPage","@id":"https:\/\/galerija110795.ba\/bs\/galerija-11-07-95-grafiti-un-vojnika-u-fokusu-ovogodisnjeg-obiljezavanja-genocida-u-srebrenici\/","url":"https:\/\/galerija110795.ba\/bs\/galerija-11-07-95-grafiti-un-vojnika-u-fokusu-ovogodisnjeg-obiljezavanja-genocida-u-srebrenici\/","name":"Galerija 11\/07\/95: grafiti UN vojnika u fokusu ovogodi\u0161njeg obilje\u017eavanja genocida u Srebrenici - Galerija 11\/07\/95","isPartOf":{"@id":"https:\/\/galerija110795.ba\/#website"},"primaryImageOfPage":{"@id":"https:\/\/galerija110795.ba\/bs\/galerija-11-07-95-grafiti-un-vojnika-u-fokusu-ovogodisnjeg-obiljezavanja-genocida-u-srebrenici\/#primaryimage"},"image":{"@id":"https:\/\/galerija110795.ba\/bs\/galerija-11-07-95-grafiti-un-vojnika-u-fokusu-ovogodisnjeg-obiljezavanja-genocida-u-srebrenici\/#primaryimage"},"thumbnailUrl":"https:\/\/galerija110795.ba\/app\/uploads\/2021\/12\/viber_image_2021-12-01_17-16-22-788.jpg","datePublished":"2021-07-12T19:13:06+00:00","dateModified":"2021-12-01T22:15:19+00:00","breadcrumb":{"@id":"https:\/\/galerija110795.ba\/bs\/galerija-11-07-95-grafiti-un-vojnika-u-fokusu-ovogodisnjeg-obiljezavanja-genocida-u-srebrenici\/#breadcrumb"},"inLanguage":"bs-BA","potentialAction":[{"@type":"ReadAction","target":["https:\/\/galerija110795.ba\/bs\/galerija-11-07-95-grafiti-un-vojnika-u-fokusu-ovogodisnjeg-obiljezavanja-genocida-u-srebrenici\/"]}]},{"@type":"ImageObject","inLanguage":"bs-BA","@id":"https:\/\/galerija110795.ba\/bs\/galerija-11-07-95-grafiti-un-vojnika-u-fokusu-ovogodisnjeg-obiljezavanja-genocida-u-srebrenici\/#primaryimage","url":"https:\/\/galerija110795.ba\/app\/uploads\/2021\/12\/viber_image_2021-12-01_17-16-22-788.jpg","contentUrl":"https:\/\/galerija110795.ba\/app\/uploads\/2021\/12\/viber_image_2021-12-01_17-16-22-788.jpg","width":1600,"height":1600},{"@type":"BreadcrumbList","@id":"https:\/\/galerija110795.ba\/bs\/galerija-11-07-95-grafiti-un-vojnika-u-fokusu-ovogodisnjeg-obiljezavanja-genocida-u-srebrenici\/#breadcrumb","itemListElement":[{"@type":"ListItem","position":1,"name":"Home","item":"https:\/\/galerija110795.ba\/"},{"@type":"ListItem","position":2,"name":"Galerija 11\/07\/95: grafiti UN vojnika u fokusu ovogodi\u0161njeg obilje\u017eavanja genocida u Srebrenici"}]},{"@type":"WebSite","@id":"https:\/\/galerija110795.ba\/#website","url":"https:\/\/galerija110795.ba\/","name":"Galerija 11\/07\/95","description":"Prva memorijalna galerija u Bosni i Hercegovini, izlo\u017ebeni prostor kojem je cilj o\u010duvati sje\u0107anja na  tragediju Srebrenice i 8372 osobe tragi\u010dno stradale u srebreni\u010dkom genocidu.","publisher":{"@id":"https:\/\/galerija110795.ba\/#organization"},"potentialAction":[{"@type":"SearchAction","target":{"@type":"EntryPoint","urlTemplate":"https:\/\/galerija110795.ba\/?s={search_term_string}"},"query-input":{"@type":"PropertyValueSpecification","valueRequired":true,"valueName":"search_term_string"}}],"inLanguage":"bs-BA"},{"@type":"Organization","@id":"https:\/\/galerija110795.ba\/#organization","name":"Galerija 11\/07\/95","url":"https:\/\/galerija110795.ba\/","logo":{"@type":"ImageObject","inLanguage":"bs-BA","@id":"https:\/\/galerija110795.ba\/#\/schema\/logo\/image\/","url":"https:\/\/galerija110795.ba\/app\/uploads\/2013\/09\/galerija_110795_logo.png","contentUrl":"https:\/\/galerija110795.ba\/app\/uploads\/2013\/09\/galerija_110795_logo.png","width":1254,"height":408,"caption":"Galerija 11\/07\/95"},"image":{"@id":"https:\/\/galerija110795.ba\/#\/schema\/logo\/image\/"}},{"@type":"Person","@id":"https:\/\/galerija110795.ba\/#\/schema\/person\/aed85583c0c5ab85318b45909ea22388","name":"Anela Hakalovi\u0107","image":{"@type":"ImageObject","inLanguage":"bs-BA","@id":"https:\/\/galerija110795.ba\/#\/schema\/person\/image\/","url":"https:\/\/secure.gravatar.com\/avatar\/73b0950138c9b13ee821b104d652969835e2e28c1ed741ecae67f3fb387e0a90?s=96&d=mm&r=g","contentUrl":"https:\/\/secure.gravatar.com\/avatar\/73b0950138c9b13ee821b104d652969835e2e28c1ed741ecae67f3fb387e0a90?s=96&d=mm&r=g","caption":"Anela Hakalovi\u0107"},"sameAs":["https:\/\/galerija110795.ba"],"url":"https:\/\/galerija110795.ba\/bs\/author\/anela\/"}]}},"wpml_current_locale":"bs_BA","wpml_translations":{"bs_BA":{"locale":"bs_BA","id":4461,"slug":"galerija-11-07-95-grafiti-un-vojnika-u-fokusu-ovogodisnjeg-obiljezavanja-genocida-u-srebrenici","post_title":"Galerija 11\/07\/95: grafiti UN vojnika u fokusu ovogodi\u0161njeg obilje\u017eavanja genocida u Srebrenici","href":"https:\/\/galerija110795.ba\/bs\/galerija-11-07-95-grafiti-un-vojnika-u-fokusu-ovogodisnjeg-obiljezavanja-genocida-u-srebrenici\/"}},"_links":{"self":[{"href":"https:\/\/galerija110795.ba\/bs\/wp-json\/wp\/v2\/posts\/4461","targetHints":{"allow":["GET"]}}],"collection":[{"href":"https:\/\/galerija110795.ba\/bs\/wp-json\/wp\/v2\/posts"}],"about":[{"href":"https:\/\/galerija110795.ba\/bs\/wp-json\/wp\/v2\/types\/post"}],"author":[{"embeddable":true,"href":"https:\/\/galerija110795.ba\/bs\/wp-json\/wp\/v2\/users\/2"}],"replies":[{"embeddable":true,"href":"https:\/\/galerija110795.ba\/bs\/wp-json\/wp\/v2\/comments?post=4461"}],"version-history":[{"count":17,"href":"https:\/\/galerija110795.ba\/bs\/wp-json\/wp\/v2\/posts\/4461\/revisions"}],"predecessor-version":[{"id":4485,"href":"https:\/\/galerija110795.ba\/bs\/wp-json\/wp\/v2\/posts\/4461\/revisions\/4485"}],"wp:featuredmedia":[{"embeddable":true,"href":"https:\/\/galerija110795.ba\/bs\/wp-json\/wp\/v2\/media\/4463"}],"wp:attachment":[{"href":"https:\/\/galerija110795.ba\/bs\/wp-json\/wp\/v2\/media?parent=4461"}],"wp:term":[{"taxonomy":"category","embeddable":true,"href":"https:\/\/galerija110795.ba\/bs\/wp-json\/wp\/v2\/categories?post=4461"},{"taxonomy":"post_tag","embeddable":true,"href":"https:\/\/galerija110795.ba\/bs\/wp-json\/wp\/v2\/tags?post=4461"}],"curies":[{"name":"wp","href":"https:\/\/api.w.org\/{rel}","templated":true}]}}