{"id":3891,"date":"2017-07-12T10:54:07","date_gmt":"2017-07-12T10:54:07","guid":{"rendered":"https:\/\/galerija110795.ba\/?p=3891\/"},"modified":"2025-08-26T15:06:37","modified_gmt":"2025-08-26T13:06:37","slug":"visoka-delegacija-mksj-u-posjeti-galeriji-110795-na-petu-godisnjicu-njenog-rada","status":"publish","type":"post","link":"https:\/\/galerija110795.ba\/bs\/visoka-delegacija-mksj-u-posjeti-galeriji-110795-na-petu-godisnjicu-njenog-rada\/","title":{"rendered":"Visoka delegacija MKSJ u posjeti Galeriji 11\/07\/95 na petu godi\u0161njicu njenog rada"},"content":{"rendered":"<p class=\"p1\"><span class=\"s1\">Visoka delegacija <b>Me\u0111unarodnog krivi\u010dnog suda za biv\u0161u Jugoslaviju<\/b> (MKSJ) na \u010delu s predsjednikom suda <b>Carmelom Agiusom<\/b> posjetila je danas <b>Galeriju 11\/07\/95<\/b>. Osim gospodina Agiusa, u delegaciji su izme\u0111u ostalih bili prisutni i <b>John Hocking<\/b>, glavni sekretar MKSJ, \u0161efica kabineta MKSJ <b>Ana Cristina Rodrigez Pineda<\/b>, te <b>Margriet Prins<\/b>, \u0161efica delegacije MKSJ u Sarajevu. Istaknute zvani\u010dnike Tribunala u Hagu kroz Galeriju 11\/07\/95 proveo je <b>Tarik Samarah<\/b>, osniva\u010d i direktor Galerije.<\/span><\/p>\n<p class=\"p1\"><span class=\"s1\"><img decoding=\"async\" class=\"img-responsive alignleft\" src=\"https:\/\/galerija110795.ba\/app\/uploads\/2017\/07\/19829915_10212925438032879_1442817270_o.jpg\" alt=\"\" \/>Nakon posjete, gospodin Agius je izjavio: <i>&#8220;Jako sam impresioniran kvalitetom i porukom fotografija. One na izuzetan na\u010din uspijevaju prenijeti pri\u010du o tragediji koja se desila u julu 1995. godine u Srebrenici&#8221;.<\/i><\/span><\/p>\n<p class=\"p1\"><span class=\"s1\"><img decoding=\"async\" class=\"img-responsive alignleft\" src=\"https:\/\/galerija110795.ba\/app\/uploads\/2017\/07\/20048638_10212925438872900_2122326205_o.jpg\" alt=\"\" \/>Gospodin Hocking, glavni sekretar MKSJ izjavio je da iako se kao djelatnici Tribunala u svakodnevnom radu susre\u0107u sa \u010dinjenicama, statistikom i dokazima o genocidu, fotografije izlo\u017eene u Galeriji 11\/07\/95 na jedan druga\u010diji na\u010din prenose emociju koja se neizostavno ve\u017ee uz stradanja: <i>&#8220;Hvala \u0161to podsje\u0107ate sve nas da pamtimo, kako bol mnogih ne bi pala u zaborav. Budimo ustrajni u tome da \u010dinimo sve \u0161to mo\u017eemo kada smo suo\u010deni sa zlom.&#8221;<\/i><\/span><\/p>\n<p class=\"p1\">Galerija 11\/07\/95 danas obilje\u017eava petu godi\u0161njicu svog postojanja. Otvorena 12. jula 2012. godine, Galerija 11\/07\/95 je u pet godina djelovanja uspjela postati reprezentativni kulturni simbol Sarajeva. Galerija je zami\u0161ljena kao mjesto kontinuirane afirmacije sje\u0107anja na genocid, a datum koji je simboli\u010dno odabran kao dan po\u010detka sje\u0107anja ujedno je i poziv na stvaranje kulturnog diskursa sje\u0107anja koji se ne\u0107e iscrpljivati isklju\u010divo u komemorativnim praksama vezanim samo za odre\u0111ene datume.<\/p>\n<p class=\"p1\"><span class=\"s1\">U pet godina postojanja Galerija 11\/07\/95 ostvarila je zna\u010dajne rezultate, organizirala brojne izlo\u017ebe, ugostila visoke delegacije, a muzejska inovativnost Galerije 11\/07\/95 prepoznata je od strane struke kroz dosada\u0161nja priznanja. Petu godi\u0161njicu svog rada Galerija 11\/07\/95 obilje\u017eava i u\u010de\u0161\u0107em na dva va\u017ena muzejska takmi\u010denja; <b>Museums in Short 2017<\/b> (Muzeji ukratko) i takmi\u010denju <b>Evropske Muzejske Akademije 2017<\/b> (EMA AWARD 2017). <\/span><\/p>\n","protected":false},"excerpt":{"rendered":"<p>Visoka delegacija Me\u0111unarodnog krivi\u010dnog suda za biv\u0161u Jugoslaviju (MKSJ) na \u010delu s predsjednikom suda Carmelom Agiusom posjetila je danas Galeriju 11\/07\/95. Osim gospodina Agiusa, u delegaciji su izme\u0111u ostalih bili prisutni i John Hocking, glavni sekretar MKSJ, \u0161efica kabineta MKSJ Ana Cristina Rodrigez Pineda, te Margriet Prins, \u0161efica delegacije MKSJ u Sarajevu. Istaknute zvani\u010dnike Tribunala &hellip; <a href=\"https:\/\/galerija110795.ba\/bs\/visoka-delegacija-mksj-u-posjeti-galeriji-110795-na-petu-godisnjicu-njenog-rada\/\">Continued<\/a><\/p>\n","protected":false},"author":2,"featured_media":3890,"comment_status":"closed","ping_status":"open","sticky":false,"template":"","format":"standard","meta":{"_acf_changed":false,"footnotes":""},"categories":[1],"tags":[],"class_list":["post-3891","post","type-post","status-publish","format-standard","has-post-thumbnail","hentry","category-aktuelno"],"acf":[],"yoast_head":"<!-- This site is optimized with the Yoast SEO plugin v26.8 - https:\/\/yoast.com\/product\/yoast-seo-wordpress\/ -->\n<title>Visoka delegacija MKSJ u posjeti Galeriji 11\/07\/95 na petu godi\u0161njicu njenog rada - Galerija 11\/07\/95<\/title>\n<meta name=\"robots\" content=\"index, follow, max-snippet:-1, max-image-preview:large, max-video-preview:-1\" \/>\n<link rel=\"canonical\" href=\"https:\/\/galerija110795.ba\/bs\/visoka-delegacija-mksj-u-posjeti-galeriji-110795-na-petu-godisnjicu-njenog-rada\/\" \/>\n<meta property=\"og:locale\" content=\"bs_BA\" \/>\n<meta property=\"og:type\" content=\"article\" \/>\n<meta property=\"og:title\" content=\"Visoka delegacija MKSJ u posjeti Galeriji 11\/07\/95 na petu godi\u0161njicu njenog rada - Galerija 11\/07\/95\" \/>\n<meta property=\"og:description\" content=\"Visoka delegacija Me\u0111unarodnog krivi\u010dnog suda za biv\u0161u Jugoslaviju (MKSJ) na \u010delu s predsjednikom suda Carmelom Agiusom posjetila je danas Galeriju 11\/07\/95. Osim gospodina Agiusa, u delegaciji su izme\u0111u ostalih bili prisutni i John Hocking, glavni sekretar MKSJ, \u0161efica kabineta MKSJ Ana Cristina Rodrigez Pineda, te Margriet Prins, \u0161efica delegacije MKSJ u Sarajevu. Istaknute zvani\u010dnike Tribunala &hellip; Continued\" \/>\n<meta property=\"og:url\" content=\"https:\/\/galerija110795.ba\/bs\/visoka-delegacija-mksj-u-posjeti-galeriji-110795-na-petu-godisnjicu-njenog-rada\/\" \/>\n<meta property=\"og:site_name\" content=\"Galerija 11\/07\/95\" \/>\n<meta property=\"article:published_time\" content=\"2017-07-12T10:54:07+00:00\" \/>\n<meta property=\"article:modified_time\" content=\"2025-08-26T13:06:37+00:00\" \/>\n<meta property=\"og:image\" content=\"https:\/\/galerija110795.ba\/app\/uploads\/2017\/07\/20170712_101218.jpg\" \/>\n\t<meta property=\"og:image:width\" content=\"1440\" \/>\n\t<meta property=\"og:image:height\" content=\"1080\" \/>\n\t<meta property=\"og:image:type\" content=\"image\/jpeg\" \/>\n<meta name=\"author\" content=\"Anela Hakalovi\u0107\" \/>\n<meta name=\"twitter:card\" content=\"summary_large_image\" \/>\n<meta name=\"twitter:label1\" content=\"Written by\" \/>\n\t<meta name=\"twitter:data1\" content=\"Anela Hakalovi\u0107\" \/>\n\t<meta name=\"twitter:label2\" content=\"Est. reading time\" \/>\n\t<meta name=\"twitter:data2\" content=\"2 minute\" \/>\n<script type=\"application\/ld+json\" class=\"yoast-schema-graph\">{\"@context\":\"https:\/\/schema.org\",\"@graph\":[{\"@type\":\"Article\",\"@id\":\"https:\/\/galerija110795.ba\/bs\/visoka-delegacija-mksj-u-posjeti-galeriji-110795-na-petu-godisnjicu-njenog-rada\/#article\",\"isPartOf\":{\"@id\":\"https:\/\/galerija110795.ba\/bs\/visoka-delegacija-mksj-u-posjeti-galeriji-110795-na-petu-godisnjicu-njenog-rada\/\"},\"author\":{\"name\":\"Anela Hakalovi\u0107\",\"@id\":\"https:\/\/galerija110795.ba\/#\/schema\/person\/aed85583c0c5ab85318b45909ea22388\"},\"headline\":\"Visoka delegacija MKSJ u posjeti Galeriji 11\/07\/95 na petu godi\u0161njicu njenog rada\",\"datePublished\":\"2017-07-12T10:54:07+00:00\",\"dateModified\":\"2025-08-26T13:06:37+00:00\",\"mainEntityOfPage\":{\"@id\":\"https:\/\/galerija110795.ba\/bs\/visoka-delegacija-mksj-u-posjeti-galeriji-110795-na-petu-godisnjicu-njenog-rada\/\"},\"wordCount\":329,\"publisher\":{\"@id\":\"https:\/\/galerija110795.ba\/#organization\"},\"image\":{\"@id\":\"https:\/\/galerija110795.ba\/bs\/visoka-delegacija-mksj-u-posjeti-galeriji-110795-na-petu-godisnjicu-njenog-rada\/#primaryimage\"},\"thumbnailUrl\":\"https:\/\/galerija110795.ba\/app\/uploads\/2017\/07\/20170712_101218.jpg\",\"articleSection\":[\"Aktuelno\"],\"inLanguage\":\"bs-BA\"},{\"@type\":\"WebPage\",\"@id\":\"https:\/\/galerija110795.ba\/bs\/visoka-delegacija-mksj-u-posjeti-galeriji-110795-na-petu-godisnjicu-njenog-rada\/\",\"url\":\"https:\/\/galerija110795.ba\/bs\/visoka-delegacija-mksj-u-posjeti-galeriji-110795-na-petu-godisnjicu-njenog-rada\/\",\"name\":\"Visoka delegacija MKSJ u posjeti Galeriji 11\/07\/95 na petu godi\u0161njicu njenog rada - Galerija 11\/07\/95\",\"isPartOf\":{\"@id\":\"https:\/\/galerija110795.ba\/#website\"},\"primaryImageOfPage\":{\"@id\":\"https:\/\/galerija110795.ba\/bs\/visoka-delegacija-mksj-u-posjeti-galeriji-110795-na-petu-godisnjicu-njenog-rada\/#primaryimage\"},\"image\":{\"@id\":\"https:\/\/galerija110795.ba\/bs\/visoka-delegacija-mksj-u-posjeti-galeriji-110795-na-petu-godisnjicu-njenog-rada\/#primaryimage\"},\"thumbnailUrl\":\"https:\/\/galerija110795.ba\/app\/uploads\/2017\/07\/20170712_101218.jpg\",\"datePublished\":\"2017-07-12T10:54:07+00:00\",\"dateModified\":\"2025-08-26T13:06:37+00:00\",\"breadcrumb\":{\"@id\":\"https:\/\/galerija110795.ba\/bs\/visoka-delegacija-mksj-u-posjeti-galeriji-110795-na-petu-godisnjicu-njenog-rada\/#breadcrumb\"},\"inLanguage\":\"bs-BA\",\"potentialAction\":[{\"@type\":\"ReadAction\",\"target\":[\"https:\/\/galerija110795.ba\/bs\/visoka-delegacija-mksj-u-posjeti-galeriji-110795-na-petu-godisnjicu-njenog-rada\/\"]}]},{\"@type\":\"ImageObject\",\"inLanguage\":\"bs-BA\",\"@id\":\"https:\/\/galerija110795.ba\/bs\/visoka-delegacija-mksj-u-posjeti-galeriji-110795-na-petu-godisnjicu-njenog-rada\/#primaryimage\",\"url\":\"https:\/\/galerija110795.ba\/app\/uploads\/2017\/07\/20170712_101218.jpg\",\"contentUrl\":\"https:\/\/galerija110795.ba\/app\/uploads\/2017\/07\/20170712_101218.jpg\",\"width\":1440,\"height\":1080},{\"@type\":\"BreadcrumbList\",\"@id\":\"https:\/\/galerija110795.ba\/bs\/visoka-delegacija-mksj-u-posjeti-galeriji-110795-na-petu-godisnjicu-njenog-rada\/#breadcrumb\",\"itemListElement\":[{\"@type\":\"ListItem\",\"position\":1,\"name\":\"Home\",\"item\":\"https:\/\/galerija110795.ba\/\"},{\"@type\":\"ListItem\",\"position\":2,\"name\":\"Visoka delegacija MKSJ u posjeti Galeriji 11\/07\/95 na petu godi\u0161njicu njenog rada\"}]},{\"@type\":\"WebSite\",\"@id\":\"https:\/\/galerija110795.ba\/#website\",\"url\":\"https:\/\/galerija110795.ba\/\",\"name\":\"Galerija 11\/07\/95\",\"description\":\"Prva memorijalna galerija u Bosni i Hercegovini, izlo\u017ebeni prostor kojem je cilj o\u010duvati sje\u0107anja na  tragediju Srebrenice i 8372 osobe tragi\u010dno stradale u srebreni\u010dkom genocidu.\",\"publisher\":{\"@id\":\"https:\/\/galerija110795.ba\/#organization\"},\"potentialAction\":[{\"@type\":\"SearchAction\",\"target\":{\"@type\":\"EntryPoint\",\"urlTemplate\":\"https:\/\/galerija110795.ba\/?s={search_term_string}\"},\"query-input\":{\"@type\":\"PropertyValueSpecification\",\"valueRequired\":true,\"valueName\":\"search_term_string\"}}],\"inLanguage\":\"bs-BA\"},{\"@type\":\"Organization\",\"@id\":\"https:\/\/galerija110795.ba\/#organization\",\"name\":\"Galerija 11\/07\/95\",\"url\":\"https:\/\/galerija110795.ba\/\",\"logo\":{\"@type\":\"ImageObject\",\"inLanguage\":\"bs-BA\",\"@id\":\"https:\/\/galerija110795.ba\/#\/schema\/logo\/image\/\",\"url\":\"https:\/\/galerija110795.ba\/app\/uploads\/2013\/09\/galerija_110795_logo.png\",\"contentUrl\":\"https:\/\/galerija110795.ba\/app\/uploads\/2013\/09\/galerija_110795_logo.png\",\"width\":1254,\"height\":408,\"caption\":\"Galerija 11\/07\/95\"},\"image\":{\"@id\":\"https:\/\/galerija110795.ba\/#\/schema\/logo\/image\/\"}},{\"@type\":\"Person\",\"@id\":\"https:\/\/galerija110795.ba\/#\/schema\/person\/aed85583c0c5ab85318b45909ea22388\",\"name\":\"Anela Hakalovi\u0107\",\"image\":{\"@type\":\"ImageObject\",\"inLanguage\":\"bs-BA\",\"@id\":\"https:\/\/galerija110795.ba\/#\/schema\/person\/image\/\",\"url\":\"https:\/\/secure.gravatar.com\/avatar\/73b0950138c9b13ee821b104d652969835e2e28c1ed741ecae67f3fb387e0a90?s=96&d=mm&r=g\",\"contentUrl\":\"https:\/\/secure.gravatar.com\/avatar\/73b0950138c9b13ee821b104d652969835e2e28c1ed741ecae67f3fb387e0a90?s=96&d=mm&r=g\",\"caption\":\"Anela Hakalovi\u0107\"},\"sameAs\":[\"https:\/\/galerija110795.ba\"],\"url\":\"https:\/\/galerija110795.ba\/bs\/author\/anela\/\"}]}<\/script>\n<!-- \/ Yoast SEO plugin. -->","yoast_head_json":{"title":"Visoka delegacija MKSJ u posjeti Galeriji 11\/07\/95 na petu godi\u0161njicu njenog rada - Galerija 11\/07\/95","robots":{"index":"index","follow":"follow","max-snippet":"max-snippet:-1","max-image-preview":"max-image-preview:large","max-video-preview":"max-video-preview:-1"},"canonical":"https:\/\/galerija110795.ba\/bs\/visoka-delegacija-mksj-u-posjeti-galeriji-110795-na-petu-godisnjicu-njenog-rada\/","og_locale":"bs_BA","og_type":"article","og_title":"Visoka delegacija MKSJ u posjeti Galeriji 11\/07\/95 na petu godi\u0161njicu njenog rada - Galerija 11\/07\/95","og_description":"Visoka delegacija Me\u0111unarodnog krivi\u010dnog suda za biv\u0161u Jugoslaviju (MKSJ) na \u010delu s predsjednikom suda Carmelom Agiusom posjetila je danas Galeriju 11\/07\/95. Osim gospodina Agiusa, u delegaciji su izme\u0111u ostalih bili prisutni i John Hocking, glavni sekretar MKSJ, \u0161efica kabineta MKSJ Ana Cristina Rodrigez Pineda, te Margriet Prins, \u0161efica delegacije MKSJ u Sarajevu. Istaknute zvani\u010dnike Tribunala &hellip; Continued","og_url":"https:\/\/galerija110795.ba\/bs\/visoka-delegacija-mksj-u-posjeti-galeriji-110795-na-petu-godisnjicu-njenog-rada\/","og_site_name":"Galerija 11\/07\/95","article_published_time":"2017-07-12T10:54:07+00:00","article_modified_time":"2025-08-26T13:06:37+00:00","og_image":[{"width":1440,"height":1080,"url":"https:\/\/galerija110795.ba\/app\/uploads\/2017\/07\/20170712_101218.jpg","type":"image\/jpeg"}],"author":"Anela Hakalovi\u0107","twitter_card":"summary_large_image","twitter_misc":{"Written by":"Anela Hakalovi\u0107","Est. reading time":"2 minute"},"schema":{"@context":"https:\/\/schema.org","@graph":[{"@type":"Article","@id":"https:\/\/galerija110795.ba\/bs\/visoka-delegacija-mksj-u-posjeti-galeriji-110795-na-petu-godisnjicu-njenog-rada\/#article","isPartOf":{"@id":"https:\/\/galerija110795.ba\/bs\/visoka-delegacija-mksj-u-posjeti-galeriji-110795-na-petu-godisnjicu-njenog-rada\/"},"author":{"name":"Anela Hakalovi\u0107","@id":"https:\/\/galerija110795.ba\/#\/schema\/person\/aed85583c0c5ab85318b45909ea22388"},"headline":"Visoka delegacija MKSJ u posjeti Galeriji 11\/07\/95 na petu godi\u0161njicu njenog rada","datePublished":"2017-07-12T10:54:07+00:00","dateModified":"2025-08-26T13:06:37+00:00","mainEntityOfPage":{"@id":"https:\/\/galerija110795.ba\/bs\/visoka-delegacija-mksj-u-posjeti-galeriji-110795-na-petu-godisnjicu-njenog-rada\/"},"wordCount":329,"publisher":{"@id":"https:\/\/galerija110795.ba\/#organization"},"image":{"@id":"https:\/\/galerija110795.ba\/bs\/visoka-delegacija-mksj-u-posjeti-galeriji-110795-na-petu-godisnjicu-njenog-rada\/#primaryimage"},"thumbnailUrl":"https:\/\/galerija110795.ba\/app\/uploads\/2017\/07\/20170712_101218.jpg","articleSection":["Aktuelno"],"inLanguage":"bs-BA"},{"@type":"WebPage","@id":"https:\/\/galerija110795.ba\/bs\/visoka-delegacija-mksj-u-posjeti-galeriji-110795-na-petu-godisnjicu-njenog-rada\/","url":"https:\/\/galerija110795.ba\/bs\/visoka-delegacija-mksj-u-posjeti-galeriji-110795-na-petu-godisnjicu-njenog-rada\/","name":"Visoka delegacija MKSJ u posjeti Galeriji 11\/07\/95 na petu godi\u0161njicu njenog rada - Galerija 11\/07\/95","isPartOf":{"@id":"https:\/\/galerija110795.ba\/#website"},"primaryImageOfPage":{"@id":"https:\/\/galerija110795.ba\/bs\/visoka-delegacija-mksj-u-posjeti-galeriji-110795-na-petu-godisnjicu-njenog-rada\/#primaryimage"},"image":{"@id":"https:\/\/galerija110795.ba\/bs\/visoka-delegacija-mksj-u-posjeti-galeriji-110795-na-petu-godisnjicu-njenog-rada\/#primaryimage"},"thumbnailUrl":"https:\/\/galerija110795.ba\/app\/uploads\/2017\/07\/20170712_101218.jpg","datePublished":"2017-07-12T10:54:07+00:00","dateModified":"2025-08-26T13:06:37+00:00","breadcrumb":{"@id":"https:\/\/galerija110795.ba\/bs\/visoka-delegacija-mksj-u-posjeti-galeriji-110795-na-petu-godisnjicu-njenog-rada\/#breadcrumb"},"inLanguage":"bs-BA","potentialAction":[{"@type":"ReadAction","target":["https:\/\/galerija110795.ba\/bs\/visoka-delegacija-mksj-u-posjeti-galeriji-110795-na-petu-godisnjicu-njenog-rada\/"]}]},{"@type":"ImageObject","inLanguage":"bs-BA","@id":"https:\/\/galerija110795.ba\/bs\/visoka-delegacija-mksj-u-posjeti-galeriji-110795-na-petu-godisnjicu-njenog-rada\/#primaryimage","url":"https:\/\/galerija110795.ba\/app\/uploads\/2017\/07\/20170712_101218.jpg","contentUrl":"https:\/\/galerija110795.ba\/app\/uploads\/2017\/07\/20170712_101218.jpg","width":1440,"height":1080},{"@type":"BreadcrumbList","@id":"https:\/\/galerija110795.ba\/bs\/visoka-delegacija-mksj-u-posjeti-galeriji-110795-na-petu-godisnjicu-njenog-rada\/#breadcrumb","itemListElement":[{"@type":"ListItem","position":1,"name":"Home","item":"https:\/\/galerija110795.ba\/"},{"@type":"ListItem","position":2,"name":"Visoka delegacija MKSJ u posjeti Galeriji 11\/07\/95 na petu godi\u0161njicu njenog rada"}]},{"@type":"WebSite","@id":"https:\/\/galerija110795.ba\/#website","url":"https:\/\/galerija110795.ba\/","name":"Galerija 11\/07\/95","description":"Prva memorijalna galerija u Bosni i Hercegovini, izlo\u017ebeni prostor kojem je cilj o\u010duvati sje\u0107anja na  tragediju Srebrenice i 8372 osobe tragi\u010dno stradale u srebreni\u010dkom genocidu.","publisher":{"@id":"https:\/\/galerija110795.ba\/#organization"},"potentialAction":[{"@type":"SearchAction","target":{"@type":"EntryPoint","urlTemplate":"https:\/\/galerija110795.ba\/?s={search_term_string}"},"query-input":{"@type":"PropertyValueSpecification","valueRequired":true,"valueName":"search_term_string"}}],"inLanguage":"bs-BA"},{"@type":"Organization","@id":"https:\/\/galerija110795.ba\/#organization","name":"Galerija 11\/07\/95","url":"https:\/\/galerija110795.ba\/","logo":{"@type":"ImageObject","inLanguage":"bs-BA","@id":"https:\/\/galerija110795.ba\/#\/schema\/logo\/image\/","url":"https:\/\/galerija110795.ba\/app\/uploads\/2013\/09\/galerija_110795_logo.png","contentUrl":"https:\/\/galerija110795.ba\/app\/uploads\/2013\/09\/galerija_110795_logo.png","width":1254,"height":408,"caption":"Galerija 11\/07\/95"},"image":{"@id":"https:\/\/galerija110795.ba\/#\/schema\/logo\/image\/"}},{"@type":"Person","@id":"https:\/\/galerija110795.ba\/#\/schema\/person\/aed85583c0c5ab85318b45909ea22388","name":"Anela Hakalovi\u0107","image":{"@type":"ImageObject","inLanguage":"bs-BA","@id":"https:\/\/galerija110795.ba\/#\/schema\/person\/image\/","url":"https:\/\/secure.gravatar.com\/avatar\/73b0950138c9b13ee821b104d652969835e2e28c1ed741ecae67f3fb387e0a90?s=96&d=mm&r=g","contentUrl":"https:\/\/secure.gravatar.com\/avatar\/73b0950138c9b13ee821b104d652969835e2e28c1ed741ecae67f3fb387e0a90?s=96&d=mm&r=g","caption":"Anela Hakalovi\u0107"},"sameAs":["https:\/\/galerija110795.ba"],"url":"https:\/\/galerija110795.ba\/bs\/author\/anela\/"}]}},"wpml_current_locale":"bs_BA","wpml_translations":{"bs_BA":{"locale":"bs_BA","id":3891,"slug":"visoka-delegacija-mksj-u-posjeti-galeriji-110795-na-petu-godisnjicu-njenog-rada","post_title":"Visoka delegacija MKSJ u posjeti Galeriji 11\/07\/95 na petu godi\u0161njicu njenog rada","href":"https:\/\/galerija110795.ba\/bs\/visoka-delegacija-mksj-u-posjeti-galeriji-110795-na-petu-godisnjicu-njenog-rada\/"},"en_US":{"locale":"en_US","id":3897,"slug":"high-delegation-icty-visited-gallery-110795-fifth-anniversary-work","post_title":"High Delegation of the ICTY visited the Gallery 11\/07\/95 on the fifth anniversary of its work","href":"https:\/\/galerija110795.ba\/high-delegation-icty-visited-gallery-110795-fifth-anniversary-work\/"}},"_links":{"self":[{"href":"https:\/\/galerija110795.ba\/bs\/wp-json\/wp\/v2\/posts\/3891","targetHints":{"allow":["GET"]}}],"collection":[{"href":"https:\/\/galerija110795.ba\/bs\/wp-json\/wp\/v2\/posts"}],"about":[{"href":"https:\/\/galerija110795.ba\/bs\/wp-json\/wp\/v2\/types\/post"}],"author":[{"embeddable":true,"href":"https:\/\/galerija110795.ba\/bs\/wp-json\/wp\/v2\/users\/2"}],"replies":[{"embeddable":true,"href":"https:\/\/galerija110795.ba\/bs\/wp-json\/wp\/v2\/comments?post=3891"}],"version-history":[{"count":1,"href":"https:\/\/galerija110795.ba\/bs\/wp-json\/wp\/v2\/posts\/3891\/revisions"}],"predecessor-version":[{"id":5211,"href":"https:\/\/galerija110795.ba\/bs\/wp-json\/wp\/v2\/posts\/3891\/revisions\/5211"}],"wp:featuredmedia":[{"embeddable":true,"href":"https:\/\/galerija110795.ba\/bs\/wp-json\/wp\/v2\/media\/3890"}],"wp:attachment":[{"href":"https:\/\/galerija110795.ba\/bs\/wp-json\/wp\/v2\/media?parent=3891"}],"wp:term":[{"taxonomy":"category","embeddable":true,"href":"https:\/\/galerija110795.ba\/bs\/wp-json\/wp\/v2\/categories?post=3891"},{"taxonomy":"post_tag","embeddable":true,"href":"https:\/\/galerija110795.ba\/bs\/wp-json\/wp\/v2\/tags?post=3891"}],"curies":[{"name":"wp","href":"https:\/\/api.w.org\/{rel}","templated":true}]}}