{"id":3837,"date":"2017-06-05T11:28:11","date_gmt":"2017-06-05T11:28:11","guid":{"rendered":"https:\/\/galerija110795.ba\/?p=3837\/"},"modified":"2017-06-05T11:28:11","modified_gmt":"2017-06-05T11:28:11","slug":"michelangelo-pistoletto-u-posjeti-galeriji-110795","status":"publish","type":"post","link":"https:\/\/galerija110795.ba\/bs\/michelangelo-pistoletto-u-posjeti-galeriji-110795\/","title":{"rendered":"Michelangelo Pistoletto u posjeti Galeriji 11\/07\/95"},"content":{"rendered":"<p class=\"p1\"><span class=\"s1\"><b>Michelangelo Pistoletto<\/b>, jedan od najzna\u010dajnijih svjetskih umjetnika, u pratnji kustosice &#8220;Tre\u0107eg raja&#8221; <b>Manuele Gandini<\/b>, supruge <b>Marie Piopp<\/b>i<\/span><span class=\"s2\">, <\/span><span class=\"s1\">Ambasadora Italije <b>Nicole Minasija<\/b>, predstavnika Ambasade Italije u BiH, posjetio je danas <b>Galeriju 11\/07\/95.<\/b><\/span><\/p>\n<p class=\"p1\"><span class=\"s1\">Delegaciju je kroz Galeriju proveo <b>Tarik Samarah<\/b>, osniva\u010d Galerije i autor stalne galerijske postavke, dok je privremenu postavku &#8211; izlo\u017ebu originalnih plakata &#8220;Pozdrav iz Sarajeva 1993&#8221; predstavio <b>Bojan Had\u017eihalilovi\u0107<\/b>, jedan od autora ove izlo\u017ebe i \u010dlan grupe Design Trio Sarajevo.<\/span><\/p>\n<p class=\"p1\"><span class=\"s1\"><img decoding=\"async\" class=\"img-responsive alignleft\" src=\"https:\/\/galerija110795.ba\/app\/uploads\/2017\/06\/F7B1770.jpg\" alt=\"\" \/>Nakon prolaska kroz Galeriju 11\/07\/95 Michelangelo Pistoletto je pozdravio rad Galerije i naglasio kako: &#8220;<i>Moramo dati prijedlog za promjenu. Ljudi moraju da shvate da je sje\u0107anje klju\u010dno, da se moramo sje\u0107ati, ali da i moramo u\u010diniti ne\u0161to novo, dati novi prijedlog.&#8221; <\/i>Naglasio je kako upravo tu tendenciju koja nastoji sje\u0107anje pretvoriti u ne\u0161to produktivno vidi u radu Galerije 11\/07\/95.<\/span><\/p>\n<p class=\"p1\"><span class=\"s1\">Tarik Samarah se zahvalio na posjeti, te rekao: &#8220;<i>\u017delim najprije da ka\u017eem da nam je velika \u010dast \u0161to je Michelangelo Pistoletto odlu\u010dio da posjeti Galeriju 11\/07\/95. Vjerujem da je njegova posjeta jednom ovakvom mjestu koje svjedo\u010di o zlo\u010dinima koji su po\u010dinjeni protiv \u010dovjeka, ali i u ime \u010dovjeka, va\u017ena i u kontekstu njegovog umjetni\u010dkog rada &#8220;Tre\u0107i raj&#8221; s kojim dolazi u Sarajevo. Ideja i zamisao Galerije 11\/07\/95 su na svojevrstan na\u010din bliski onome \u0161to radi Michelangelo Pistoletto i \u0161to poku\u0161ava da prezentira kroz svoj rad&#8221;.<\/i><\/span><\/p>\n<p class=\"p1\"><span class=\"s1\">Nakon obilaska, Tarik Samarah je Michelangelu Pistolettu uru\u010dio poklon &#8211; monografiju &#8220;<b>Srebrenica<\/b>&#8221; i print jedne od svojih fotografija. Posjeta Pistoletta Galeriji najavljena je kao po\u010detak budu\u0107e saradnje izme\u0111u umjetnika, kao i Galerije i Fondacije koju vodi Michelangelo Pistoletto.<\/span><\/p>\n","protected":false},"excerpt":{"rendered":"<p>Michelangelo Pistoletto, jedan od najzna\u010dajnijih svjetskih umjetnika, u pratnji kustosice &#8220;Tre\u0107eg raja&#8221; Manuele Gandini, supruge Marie Pioppi, Ambasadora Italije Nicole Minasija, predstavnika Ambasade Italije u BiH, posjetio je danas Galeriju 11\/07\/95. Delegaciju je kroz Galeriju proveo Tarik Samarah, osniva\u010d Galerije i autor stalne galerijske postavke, dok je privremenu postavku &#8211; izlo\u017ebu originalnih plakata &#8220;Pozdrav iz &hellip; <a href=\"https:\/\/galerija110795.ba\/bs\/michelangelo-pistoletto-u-posjeti-galeriji-110795\/\">Continued<\/a><\/p>\n","protected":false},"author":2,"featured_media":3836,"comment_status":"closed","ping_status":"open","sticky":false,"template":"","format":"standard","meta":{"_acf_changed":false,"footnotes":""},"categories":[1],"tags":[],"class_list":["post-3837","post","type-post","status-publish","format-standard","has-post-thumbnail","hentry","category-aktuelno"],"acf":[],"yoast_head":"<!-- This site is optimized with the Yoast SEO plugin v26.8 - https:\/\/yoast.com\/product\/yoast-seo-wordpress\/ -->\n<title>Michelangelo Pistoletto u posjeti Galeriji 11\/07\/95 - Galerija 11\/07\/95<\/title>\n<meta name=\"robots\" content=\"index, follow, max-snippet:-1, max-image-preview:large, max-video-preview:-1\" \/>\n<link rel=\"canonical\" href=\"https:\/\/galerija110795.ba\/bs\/michelangelo-pistoletto-u-posjeti-galeriji-110795\/\" \/>\n<meta property=\"og:locale\" content=\"bs_BA\" \/>\n<meta property=\"og:type\" content=\"article\" \/>\n<meta property=\"og:title\" content=\"Michelangelo Pistoletto u posjeti Galeriji 11\/07\/95 - Galerija 11\/07\/95\" \/>\n<meta property=\"og:description\" content=\"Michelangelo Pistoletto, jedan od najzna\u010dajnijih svjetskih umjetnika, u pratnji kustosice &#8220;Tre\u0107eg raja&#8221; Manuele Gandini, supruge Marie Pioppi, Ambasadora Italije Nicole Minasija, predstavnika Ambasade Italije u BiH, posjetio je danas Galeriju 11\/07\/95. Delegaciju je kroz Galeriju proveo Tarik Samarah, osniva\u010d Galerije i autor stalne galerijske postavke, dok je privremenu postavku &#8211; izlo\u017ebu originalnih plakata &#8220;Pozdrav iz &hellip; Continued\" \/>\n<meta property=\"og:url\" content=\"https:\/\/galerija110795.ba\/bs\/michelangelo-pistoletto-u-posjeti-galeriji-110795\/\" \/>\n<meta property=\"og:site_name\" content=\"Galerija 11\/07\/95\" \/>\n<meta property=\"article:published_time\" content=\"2017-06-05T11:28:11+00:00\" \/>\n<meta property=\"og:image\" content=\"https:\/\/galerija110795.ba\/app\/uploads\/2017\/06\/F7B1770-1200x800.jpg\" \/>\n\t<meta property=\"og:image:width\" content=\"1200\" \/>\n\t<meta property=\"og:image:height\" content=\"800\" \/>\n\t<meta property=\"og:image:type\" content=\"image\/jpeg\" \/>\n<meta name=\"author\" content=\"Anela Hakalovi\u0107\" \/>\n<meta name=\"twitter:card\" content=\"summary_large_image\" \/>\n<meta name=\"twitter:label1\" content=\"Written by\" \/>\n\t<meta name=\"twitter:data1\" content=\"Anela Hakalovi\u0107\" \/>\n\t<meta name=\"twitter:label2\" content=\"Est. reading time\" \/>\n\t<meta name=\"twitter:data2\" content=\"1 minuta\" \/>\n<script type=\"application\/ld+json\" class=\"yoast-schema-graph\">{\"@context\":\"https:\/\/schema.org\",\"@graph\":[{\"@type\":\"Article\",\"@id\":\"https:\/\/galerija110795.ba\/bs\/michelangelo-pistoletto-u-posjeti-galeriji-110795\/#article\",\"isPartOf\":{\"@id\":\"https:\/\/galerija110795.ba\/bs\/michelangelo-pistoletto-u-posjeti-galeriji-110795\/\"},\"author\":{\"name\":\"Anela Hakalovi\u0107\",\"@id\":\"https:\/\/galerija110795.ba\/#\/schema\/person\/aed85583c0c5ab85318b45909ea22388\"},\"headline\":\"Michelangelo Pistoletto u posjeti Galeriji 11\/07\/95\",\"datePublished\":\"2017-06-05T11:28:11+00:00\",\"mainEntityOfPage\":{\"@id\":\"https:\/\/galerija110795.ba\/bs\/michelangelo-pistoletto-u-posjeti-galeriji-110795\/\"},\"wordCount\":278,\"publisher\":{\"@id\":\"https:\/\/galerija110795.ba\/#organization\"},\"image\":{\"@id\":\"https:\/\/galerija110795.ba\/bs\/michelangelo-pistoletto-u-posjeti-galeriji-110795\/#primaryimage\"},\"thumbnailUrl\":\"https:\/\/galerija110795.ba\/app\/uploads\/2017\/06\/F7B1770.jpg\",\"articleSection\":[\"Aktuelno\"],\"inLanguage\":\"bs-BA\"},{\"@type\":\"WebPage\",\"@id\":\"https:\/\/galerija110795.ba\/bs\/michelangelo-pistoletto-u-posjeti-galeriji-110795\/\",\"url\":\"https:\/\/galerija110795.ba\/bs\/michelangelo-pistoletto-u-posjeti-galeriji-110795\/\",\"name\":\"Michelangelo Pistoletto u posjeti Galeriji 11\/07\/95 - Galerija 11\/07\/95\",\"isPartOf\":{\"@id\":\"https:\/\/galerija110795.ba\/#website\"},\"primaryImageOfPage\":{\"@id\":\"https:\/\/galerija110795.ba\/bs\/michelangelo-pistoletto-u-posjeti-galeriji-110795\/#primaryimage\"},\"image\":{\"@id\":\"https:\/\/galerija110795.ba\/bs\/michelangelo-pistoletto-u-posjeti-galeriji-110795\/#primaryimage\"},\"thumbnailUrl\":\"https:\/\/galerija110795.ba\/app\/uploads\/2017\/06\/F7B1770.jpg\",\"datePublished\":\"2017-06-05T11:28:11+00:00\",\"breadcrumb\":{\"@id\":\"https:\/\/galerija110795.ba\/bs\/michelangelo-pistoletto-u-posjeti-galeriji-110795\/#breadcrumb\"},\"inLanguage\":\"bs-BA\",\"potentialAction\":[{\"@type\":\"ReadAction\",\"target\":[\"https:\/\/galerija110795.ba\/bs\/michelangelo-pistoletto-u-posjeti-galeriji-110795\/\"]}]},{\"@type\":\"ImageObject\",\"inLanguage\":\"bs-BA\",\"@id\":\"https:\/\/galerija110795.ba\/bs\/michelangelo-pistoletto-u-posjeti-galeriji-110795\/#primaryimage\",\"url\":\"https:\/\/galerija110795.ba\/app\/uploads\/2017\/06\/F7B1770.jpg\",\"contentUrl\":\"https:\/\/galerija110795.ba\/app\/uploads\/2017\/06\/F7B1770.jpg\",\"width\":5760,\"height\":3840},{\"@type\":\"BreadcrumbList\",\"@id\":\"https:\/\/galerija110795.ba\/bs\/michelangelo-pistoletto-u-posjeti-galeriji-110795\/#breadcrumb\",\"itemListElement\":[{\"@type\":\"ListItem\",\"position\":1,\"name\":\"Home\",\"item\":\"https:\/\/galerija110795.ba\/\"},{\"@type\":\"ListItem\",\"position\":2,\"name\":\"Michelangelo Pistoletto u posjeti Galeriji 11\/07\/95\"}]},{\"@type\":\"WebSite\",\"@id\":\"https:\/\/galerija110795.ba\/#website\",\"url\":\"https:\/\/galerija110795.ba\/\",\"name\":\"Galerija 11\/07\/95\",\"description\":\"Prva memorijalna galerija u Bosni i Hercegovini, izlo\u017ebeni prostor kojem je cilj o\u010duvati sje\u0107anja na  tragediju Srebrenice i 8372 osobe tragi\u010dno stradale u srebreni\u010dkom genocidu.\",\"publisher\":{\"@id\":\"https:\/\/galerija110795.ba\/#organization\"},\"potentialAction\":[{\"@type\":\"SearchAction\",\"target\":{\"@type\":\"EntryPoint\",\"urlTemplate\":\"https:\/\/galerija110795.ba\/?s={search_term_string}\"},\"query-input\":{\"@type\":\"PropertyValueSpecification\",\"valueRequired\":true,\"valueName\":\"search_term_string\"}}],\"inLanguage\":\"bs-BA\"},{\"@type\":\"Organization\",\"@id\":\"https:\/\/galerija110795.ba\/#organization\",\"name\":\"Galerija 11\/07\/95\",\"url\":\"https:\/\/galerija110795.ba\/\",\"logo\":{\"@type\":\"ImageObject\",\"inLanguage\":\"bs-BA\",\"@id\":\"https:\/\/galerija110795.ba\/#\/schema\/logo\/image\/\",\"url\":\"https:\/\/galerija110795.ba\/app\/uploads\/2013\/09\/galerija_110795_logo.png\",\"contentUrl\":\"https:\/\/galerija110795.ba\/app\/uploads\/2013\/09\/galerija_110795_logo.png\",\"width\":1254,\"height\":408,\"caption\":\"Galerija 11\/07\/95\"},\"image\":{\"@id\":\"https:\/\/galerija110795.ba\/#\/schema\/logo\/image\/\"}},{\"@type\":\"Person\",\"@id\":\"https:\/\/galerija110795.ba\/#\/schema\/person\/aed85583c0c5ab85318b45909ea22388\",\"name\":\"Anela Hakalovi\u0107\",\"image\":{\"@type\":\"ImageObject\",\"inLanguage\":\"bs-BA\",\"@id\":\"https:\/\/galerija110795.ba\/#\/schema\/person\/image\/\",\"url\":\"https:\/\/secure.gravatar.com\/avatar\/73b0950138c9b13ee821b104d652969835e2e28c1ed741ecae67f3fb387e0a90?s=96&d=mm&r=g\",\"contentUrl\":\"https:\/\/secure.gravatar.com\/avatar\/73b0950138c9b13ee821b104d652969835e2e28c1ed741ecae67f3fb387e0a90?s=96&d=mm&r=g\",\"caption\":\"Anela Hakalovi\u0107\"},\"sameAs\":[\"https:\/\/galerija110795.ba\"],\"url\":\"https:\/\/galerija110795.ba\/bs\/author\/anela\/\"}]}<\/script>\n<!-- \/ Yoast SEO plugin. -->","yoast_head_json":{"title":"Michelangelo Pistoletto u posjeti Galeriji 11\/07\/95 - Galerija 11\/07\/95","robots":{"index":"index","follow":"follow","max-snippet":"max-snippet:-1","max-image-preview":"max-image-preview:large","max-video-preview":"max-video-preview:-1"},"canonical":"https:\/\/galerija110795.ba\/bs\/michelangelo-pistoletto-u-posjeti-galeriji-110795\/","og_locale":"bs_BA","og_type":"article","og_title":"Michelangelo Pistoletto u posjeti Galeriji 11\/07\/95 - Galerija 11\/07\/95","og_description":"Michelangelo Pistoletto, jedan od najzna\u010dajnijih svjetskih umjetnika, u pratnji kustosice &#8220;Tre\u0107eg raja&#8221; Manuele Gandini, supruge Marie Pioppi, Ambasadora Italije Nicole Minasija, predstavnika Ambasade Italije u BiH, posjetio je danas Galeriju 11\/07\/95. Delegaciju je kroz Galeriju proveo Tarik Samarah, osniva\u010d Galerije i autor stalne galerijske postavke, dok je privremenu postavku &#8211; izlo\u017ebu originalnih plakata &#8220;Pozdrav iz &hellip; Continued","og_url":"https:\/\/galerija110795.ba\/bs\/michelangelo-pistoletto-u-posjeti-galeriji-110795\/","og_site_name":"Galerija 11\/07\/95","article_published_time":"2017-06-05T11:28:11+00:00","og_image":[{"width":1200,"height":800,"url":"https:\/\/galerija110795.ba\/app\/uploads\/2017\/06\/F7B1770-1200x800.jpg","type":"image\/jpeg"}],"author":"Anela Hakalovi\u0107","twitter_card":"summary_large_image","twitter_misc":{"Written by":"Anela Hakalovi\u0107","Est. reading time":"1 minuta"},"schema":{"@context":"https:\/\/schema.org","@graph":[{"@type":"Article","@id":"https:\/\/galerija110795.ba\/bs\/michelangelo-pistoletto-u-posjeti-galeriji-110795\/#article","isPartOf":{"@id":"https:\/\/galerija110795.ba\/bs\/michelangelo-pistoletto-u-posjeti-galeriji-110795\/"},"author":{"name":"Anela Hakalovi\u0107","@id":"https:\/\/galerija110795.ba\/#\/schema\/person\/aed85583c0c5ab85318b45909ea22388"},"headline":"Michelangelo Pistoletto u posjeti Galeriji 11\/07\/95","datePublished":"2017-06-05T11:28:11+00:00","mainEntityOfPage":{"@id":"https:\/\/galerija110795.ba\/bs\/michelangelo-pistoletto-u-posjeti-galeriji-110795\/"},"wordCount":278,"publisher":{"@id":"https:\/\/galerija110795.ba\/#organization"},"image":{"@id":"https:\/\/galerija110795.ba\/bs\/michelangelo-pistoletto-u-posjeti-galeriji-110795\/#primaryimage"},"thumbnailUrl":"https:\/\/galerija110795.ba\/app\/uploads\/2017\/06\/F7B1770.jpg","articleSection":["Aktuelno"],"inLanguage":"bs-BA"},{"@type":"WebPage","@id":"https:\/\/galerija110795.ba\/bs\/michelangelo-pistoletto-u-posjeti-galeriji-110795\/","url":"https:\/\/galerija110795.ba\/bs\/michelangelo-pistoletto-u-posjeti-galeriji-110795\/","name":"Michelangelo Pistoletto u posjeti Galeriji 11\/07\/95 - Galerija 11\/07\/95","isPartOf":{"@id":"https:\/\/galerija110795.ba\/#website"},"primaryImageOfPage":{"@id":"https:\/\/galerija110795.ba\/bs\/michelangelo-pistoletto-u-posjeti-galeriji-110795\/#primaryimage"},"image":{"@id":"https:\/\/galerija110795.ba\/bs\/michelangelo-pistoletto-u-posjeti-galeriji-110795\/#primaryimage"},"thumbnailUrl":"https:\/\/galerija110795.ba\/app\/uploads\/2017\/06\/F7B1770.jpg","datePublished":"2017-06-05T11:28:11+00:00","breadcrumb":{"@id":"https:\/\/galerija110795.ba\/bs\/michelangelo-pistoletto-u-posjeti-galeriji-110795\/#breadcrumb"},"inLanguage":"bs-BA","potentialAction":[{"@type":"ReadAction","target":["https:\/\/galerija110795.ba\/bs\/michelangelo-pistoletto-u-posjeti-galeriji-110795\/"]}]},{"@type":"ImageObject","inLanguage":"bs-BA","@id":"https:\/\/galerija110795.ba\/bs\/michelangelo-pistoletto-u-posjeti-galeriji-110795\/#primaryimage","url":"https:\/\/galerija110795.ba\/app\/uploads\/2017\/06\/F7B1770.jpg","contentUrl":"https:\/\/galerija110795.ba\/app\/uploads\/2017\/06\/F7B1770.jpg","width":5760,"height":3840},{"@type":"BreadcrumbList","@id":"https:\/\/galerija110795.ba\/bs\/michelangelo-pistoletto-u-posjeti-galeriji-110795\/#breadcrumb","itemListElement":[{"@type":"ListItem","position":1,"name":"Home","item":"https:\/\/galerija110795.ba\/"},{"@type":"ListItem","position":2,"name":"Michelangelo Pistoletto u posjeti Galeriji 11\/07\/95"}]},{"@type":"WebSite","@id":"https:\/\/galerija110795.ba\/#website","url":"https:\/\/galerija110795.ba\/","name":"Galerija 11\/07\/95","description":"Prva memorijalna galerija u Bosni i Hercegovini, izlo\u017ebeni prostor kojem je cilj o\u010duvati sje\u0107anja na  tragediju Srebrenice i 8372 osobe tragi\u010dno stradale u srebreni\u010dkom genocidu.","publisher":{"@id":"https:\/\/galerija110795.ba\/#organization"},"potentialAction":[{"@type":"SearchAction","target":{"@type":"EntryPoint","urlTemplate":"https:\/\/galerija110795.ba\/?s={search_term_string}"},"query-input":{"@type":"PropertyValueSpecification","valueRequired":true,"valueName":"search_term_string"}}],"inLanguage":"bs-BA"},{"@type":"Organization","@id":"https:\/\/galerija110795.ba\/#organization","name":"Galerija 11\/07\/95","url":"https:\/\/galerija110795.ba\/","logo":{"@type":"ImageObject","inLanguage":"bs-BA","@id":"https:\/\/galerija110795.ba\/#\/schema\/logo\/image\/","url":"https:\/\/galerija110795.ba\/app\/uploads\/2013\/09\/galerija_110795_logo.png","contentUrl":"https:\/\/galerija110795.ba\/app\/uploads\/2013\/09\/galerija_110795_logo.png","width":1254,"height":408,"caption":"Galerija 11\/07\/95"},"image":{"@id":"https:\/\/galerija110795.ba\/#\/schema\/logo\/image\/"}},{"@type":"Person","@id":"https:\/\/galerija110795.ba\/#\/schema\/person\/aed85583c0c5ab85318b45909ea22388","name":"Anela Hakalovi\u0107","image":{"@type":"ImageObject","inLanguage":"bs-BA","@id":"https:\/\/galerija110795.ba\/#\/schema\/person\/image\/","url":"https:\/\/secure.gravatar.com\/avatar\/73b0950138c9b13ee821b104d652969835e2e28c1ed741ecae67f3fb387e0a90?s=96&d=mm&r=g","contentUrl":"https:\/\/secure.gravatar.com\/avatar\/73b0950138c9b13ee821b104d652969835e2e28c1ed741ecae67f3fb387e0a90?s=96&d=mm&r=g","caption":"Anela Hakalovi\u0107"},"sameAs":["https:\/\/galerija110795.ba"],"url":"https:\/\/galerija110795.ba\/bs\/author\/anela\/"}]}},"wpml_current_locale":"bs_BA","wpml_translations":{"bs_BA":{"locale":"bs_BA","id":3837,"slug":"michelangelo-pistoletto-u-posjeti-galeriji-110795","post_title":"Michelangelo Pistoletto u posjeti Galeriji 11\/07\/95","href":"https:\/\/galerija110795.ba\/bs\/michelangelo-pistoletto-u-posjeti-galeriji-110795\/"},"en_US":{"locale":"en_US","id":3839,"slug":"michelangelo-pistoletto-visited-gallery-110795","post_title":"Michelangelo Pistoletto Visited the Gallery 11\/07\/95","href":"https:\/\/galerija110795.ba\/michelangelo-pistoletto-visited-gallery-110795\/"}},"_links":{"self":[{"href":"https:\/\/galerija110795.ba\/bs\/wp-json\/wp\/v2\/posts\/3837","targetHints":{"allow":["GET"]}}],"collection":[{"href":"https:\/\/galerija110795.ba\/bs\/wp-json\/wp\/v2\/posts"}],"about":[{"href":"https:\/\/galerija110795.ba\/bs\/wp-json\/wp\/v2\/types\/post"}],"author":[{"embeddable":true,"href":"https:\/\/galerija110795.ba\/bs\/wp-json\/wp\/v2\/users\/2"}],"replies":[{"embeddable":true,"href":"https:\/\/galerija110795.ba\/bs\/wp-json\/wp\/v2\/comments?post=3837"}],"version-history":[{"count":0,"href":"https:\/\/galerija110795.ba\/bs\/wp-json\/wp\/v2\/posts\/3837\/revisions"}],"wp:featuredmedia":[{"embeddable":true,"href":"https:\/\/galerija110795.ba\/bs\/wp-json\/wp\/v2\/media\/3836"}],"wp:attachment":[{"href":"https:\/\/galerija110795.ba\/bs\/wp-json\/wp\/v2\/media?parent=3837"}],"wp:term":[{"taxonomy":"category","embeddable":true,"href":"https:\/\/galerija110795.ba\/bs\/wp-json\/wp\/v2\/categories?post=3837"},{"taxonomy":"post_tag","embeddable":true,"href":"https:\/\/galerija110795.ba\/bs\/wp-json\/wp\/v2\/tags?post=3837"}],"curies":[{"name":"wp","href":"https:\/\/api.w.org\/{rel}","templated":true}]}}