{"id":3399,"date":"2016-04-14T12:14:36","date_gmt":"2016-04-14T12:14:36","guid":{"rendered":"https:\/\/galerija110795.ba\/bs\/?p=3399"},"modified":"2025-08-26T15:01:28","modified_gmt":"2025-08-26T13:01:28","slug":"galerija-11071995-na-dodjeli-nagrada-evropskog-muzejskog-foruma","status":"publish","type":"post","link":"https:\/\/galerija110795.ba\/bs\/galerija-11071995-na-dodjeli-nagrada-evropskog-muzejskog-foruma\/","title":{"rendered":"Galerija 11\/07\/95 na dodjeli nagrada Evropskog muzejskog foruma"},"content":{"rendered":"<p>U dru\u0161tvu najve\u0107ih muzeja Evrope, ove godine se na\u0161la i <strong>Memorijalna Galerija 11\/07\/95<\/strong> iz Sarajeva. Ovo je velika \u010dast za galeriju koja dostojanstveno \u010duva uspomenu na najve\u0107u tragediju rata u BiH &#8211; genocid u Srebrenici.<\/p>\n<p>Pod pokroviteljstvom Vije\u0107a Evrope, Evropski muzejski forum (European Museum Forum) i ove godine je organizirao presti\u017eno muzejsko takmi\u010denje EMYA 2016 \u2013 izbor za najbolji evropski muzej godine, za koji je sarajevska galerija, me\u0111u 49 \u00a0muzeja iz 24 evropske zemlje, bila nominirana.<\/p>\n<p>Program ovogodi\u0161nje EMYA-e odvijao se od 5. do 9. aprila u Tolosi i San Sebastianu u regiji Baskija, na sjeveru \u0160panije.<\/p>\n<p>Galerija 11\/07\/95 je imala priliku da predstavi svoj rad, instituciju i na\u010din djelovanja pred vi\u0161e od 200 u\u010desnika iz 29 evropskih zemalja.<\/p>\n<p>&#8220;Uvr\u0161tavanje Galerije 11\/07\/95 na listu nominiranim za EMYA 2016 predstavlja prvenstveno <strong>otvaranje vrata ka evropskoj muzejskoj sceni<\/strong>. Dvije klju\u010dne stvari koje je Galerija dobila nominacijom za EMYA je mogu\u0107nost predstavljanja Galerije 11\/07\/95 pred muzejskim i kulturnim radnicima Evrope, te uspostavljanje kontakata i saradnje sa drugim muzejima&#8221;, izjavio je Tarik Samarah, osniva\u010d i direktor Galerije.<\/p>\n<p>&#8220;Svake godine, Evropski muzejski forum, koji je organizator navedene manifestacije, poku\u0161ava da predstavi <strong>nove tendencije i inovativne prakse<\/strong> u muzejima. EMYA je istovremeno i prilika da se postave pitanja o tome \u0161ta su temeljni izazovi savremenih muzeja. Ono \u0161to je posebno nagla\u0161eno ove godine jeste <strong>pitanje uloge muzeja u dru\u0161tvenim procesima<\/strong>, odnosno pitanje da li muzeji mogu biti generatori odre\u0111enih dru\u0161tvenih promjena ili su samo pasivni prenositelji tradicije. Kada je u pitanju Galerija 11\/07\/95, ona je po svemu specifi\u010dan fenomen. Zami\u0161ljena kao hibridni konstrukt galerijskog i muzejskog prostora, Galerija 11\/07\/95 s jedne strane nastoji kroz svoju praksu interpretirati jedan konkretan historijski doga\u0111aj \u2013 genocid u Srebrenici, ali budu\u0107i da se radi o na\u0161oj recentnoj pro\u0161losti koja predstavlja bitan doga\u0111aj dru\u0161tvene memorije, Galerija 11\/07\/95 je istovremno i mjesto <strong>konstrukcije kulturne memorije<\/strong>. Nominacija za EMYA 2016 i predstavljanje Galerije 11\/07\/95 je dio na\u0161eg ve\u0107 prethodno zacrtanog puta i plana da Galerija 11\/07\/95 postane prepoznatljiv prostor na kulturnoj mapi Evrope&#8221;, rekao je Samarah.<\/p>\n<p>&nbsp;<\/p>\n<p>U \u0160paniji su Galeriju 11\/07\/95 predstavili Samarah i Anela Hakalovi\u0107, koordinatorica programa. U svom izlaganju oni su istakli <strong>inovativnu formu ove institucije <\/strong>koja \u010duva sje\u0107anja na genocid u Srebrenici, najve\u0107i zlo\u010din u Evropi nakon Holokausta nad Jevrejima, a s druge strane nastoji intervenisati u aktuelni historijski trenutak, uspostavljaju\u0107i vezu izme\u0111u onoga \u0161to se desilo u Srebrenici i trenutnih historijskih doga\u0111anja.<\/p>\n<p>Osim predstavljanja muzejskih institucija, EMYA manifestacija ima za cilj i razmjenu iskustava i uspostavljanje i me\u0111usobnih veza me\u0111u muzejima. \u00a0Na tom polju, Galerija 11\/07\/95 uspostavila je zna\u010dajne kontakte s <strong>Euskal muzejom u Gerniki<\/strong>, kojem je poklonjen rad \u201e1945-1995-2015\u201c Tarika Samaraha, te s Gernika Peace muzejom, posve\u0107enom bombardiranju Gernike tokom \u0160panskog gra\u0111anskog rata.<\/p>\n<p>&nbsp;<\/p>\n<p>Osim Galerije 11\/07\/95 na manifestaciji EMYA 2016 ove godine predstavljen je jo\u0161 jedan muzej iz Bosne i Hercegovine \u2013 radi se o\u00a0<strong>Muzeju Hercegovine iz Mostara <\/strong>koji se na ovom presti\u017enom takmi\u010denju predstavio sa svoja \u010detiri odjeljenja (Spomen ku\u0107a D\u017eemala Bijedi\u0107a, Odjeljenje knji\u017eevnosti u \u0106orovi\u0107a ku\u0107i, Muzej Stari Most i Interpretacijski centar).<\/p>\n<p>Evropskim muzejom 2016. progla\u0161en je <strong>muzej Polin iz Var\u0161ave \u2013 Muzej historije poljskih Jevreja<\/strong>, nagrada Vije\u0107a Europe za posebna postignu\u0107a u promociji evropske kulturne ba\u0161tine pripala je Europskom centru solidarnosti iz Gdanjska, nagradu Silletto osvojio je Gradski Muzej Vukovar, dok je nagradu Kenneth Hudson, nazvanu po osniva\u010du EMYA-e, koja se dodjeljuje muzeju\/osobi\/projektu\/skupini ljudi za neobi\u010dno, odva\u017eno ili kontroverzno dostignu\u0107e, dobio amsterdamski muzej Micropia.<\/p>\n<p><em>\u00a0Prostor Galerije 11\/07\/95 projektovao je tim koji \u010dine Ned\u017ead Hrelja i Lada Maglajli\u0107, a stalna galerijska postavka tematski je posve\u0107ena genocidu u Srebrenici. Odlazak tima Galerije 11\/07\/95 na manifestaciju EMYA 2016 pomogao je Turkish Airlines.<\/em><\/p>\n<p>U dosada\u0161njem radu Galerija 11\/07\/95 realizirala je niz zna\u010dajnih projekata, organizovala izlo\u017ebe svjetski poznatih umjetnika, te svakodnevno edukovala posjetitelje. Protekla godina bila je izuzetno zna\u010dajna i izazovna za Galeriju 11\/07\/95 s obzirom na to da je predstavljala dvadesetu godi\u0161njicu genocida u Srebrenici, a aktivnosti su primarno usmjeravane ka \u00a0internacionalnoj afirmaciji pri\u010de o Srebrenici. \u00a0Predstavljanje na manifestaciji EMYA 2016 Galerije 11\/07\/95 rezultat je dosada\u0161njeg uspje\u0161nog rada ove institucije.<\/p>\n<p>&nbsp;<\/p>\n<p>&nbsp;<\/p>\n\n<div id=\"blueimp-gallery\" class=\"blueimp-gallery\" data-use-bootstrap-modal=\"false\">\n    <!-- The container for the modal slides -->\n    <div class=\"slides\"><\/div>\n    <!-- Controls for the borderless lightbox -->\n    <h3 class=\"title\"><\/h3>\n    <a class=\"prev\">\u2039<\/a>\n    <a class=\"next\">\u203a<\/a>\n    <a class=\"close\">\u00d7<\/a>\n    <a class=\"play-pause\"><\/a>\n    <!-- The modal dialog, which will be used to wrap the lightbox content -->\n    <div class=\"modal fade\">\n        <div class=\"modal-dialog\">\n            <div class=\"modal-content\">\n                <div class=\"modal-header\">\n                    <button type=\"button\" class=\"close\" aria-hidden=\"true\">&times;<\/button>\n                    <h4 class=\"modal-title\"><\/h4>\n                <\/div>\n                <div class=\"modal-body next\"><\/div>\n                <div class=\"modal-footer\">\n                    <button type=\"button\" class=\"btn btn-default pull-left prev\">\n                        <i class=\"glyphicon glyphicon-chevron-left\"><\/i>\n                        Previous\n                    <\/button>\n                    <button type=\"button\" class=\"btn btn-primary next\">\n                        Next\n                        <i class=\"glyphicon glyphicon-chevron-right\"><\/i>\n                    <\/button>\n                <\/div>\n            <\/div>\n        <\/div>\n    <\/div>\n<\/div><div id=\"links\" class=\"gallery gallery-3399-1\"><div class=\"gallery-row gallery-columns-2\"><div class=\"gallery-item\"><a href=\"https:\/\/galerija110795.ba\/app\/uploads\/2016\/04\/image-18.jpeg\" title=\"image (18)\" data-gallery data-description=\"\"><img loading=\"lazy\" decoding=\"async\" width=\"600\" height=\"400\" src=\"https:\/\/galerija110795.ba\/app\/uploads\/2016\/04\/image-18-600x400.jpeg\" class=\"img-responsive\" alt=\"\" \/><\/a><\/div><div class=\"gallery-item\"><a href=\"https:\/\/galerija110795.ba\/app\/uploads\/2016\/04\/image-19.jpeg\" title=\"image (19)\" data-gallery data-description=\"\"><img loading=\"lazy\" decoding=\"async\" width=\"600\" height=\"400\" src=\"https:\/\/galerija110795.ba\/app\/uploads\/2016\/04\/image-19-600x400.jpeg\" class=\"img-responsive\" alt=\"\" \/><\/a><\/div><\/div><div class=\"gallery-row gallery-columns-2\"><div class=\"gallery-item\"><a href=\"https:\/\/galerija110795.ba\/app\/uploads\/2016\/04\/image-17.jpeg\" title=\"image (17)\" data-gallery data-description=\"\"><img loading=\"lazy\" decoding=\"async\" width=\"600\" height=\"400\" src=\"https:\/\/galerija110795.ba\/app\/uploads\/2016\/04\/image-17-600x400.jpeg\" class=\"img-responsive\" alt=\"\" \/><\/a><\/div><div class=\"gallery-item\"><a href=\"https:\/\/galerija110795.ba\/app\/uploads\/2016\/04\/image-16.jpeg\" title=\"image (16)\" data-gallery data-description=\"\"><img loading=\"lazy\" decoding=\"async\" width=\"600\" height=\"400\" src=\"https:\/\/galerija110795.ba\/app\/uploads\/2016\/04\/image-16-600x400.jpeg\" class=\"img-responsive\" alt=\"\" \/><\/a><\/div><\/div><\/div>\n  <script>\n    jQuery(document).ready(function($) {\n\ndocument.getElementById(\"links\").onclick = function (event) {\n    event = event || window.event;\n    var target = event.target || event.srcElement,\n        link = target.src ? target.parentNode : target,\n        options = {index: link, event: event},\n        links = this.getElementsByTagName(\"a\");\n    blueimp.Gallery(links, options);\n};\n    });\n    \n<\/script>\n  \n","protected":false},"excerpt":{"rendered":"<p>U dru\u0161tvu najve\u0107ih muzeja Evrope, ove godine se na\u0161la i Memorijalna Galerija 11\/07\/95 iz Sarajeva. Ovo je velika \u010dast za galeriju koja dostojanstveno \u010duva uspomenu na najve\u0107u tragediju rata u BiH &#8211; genocid u Srebrenici. Pod pokroviteljstvom Vije\u0107a Evrope, Evropski muzejski forum (European Museum Forum) i ove godine je organizirao presti\u017eno muzejsko takmi\u010denje EMYA 2016 &hellip; <a href=\"https:\/\/galerija110795.ba\/bs\/galerija-11071995-na-dodjeli-nagrada-evropskog-muzejskog-foruma\/\">Continued<\/a><\/p>\n","protected":false},"author":3,"featured_media":3400,"comment_status":"closed","ping_status":"open","sticky":false,"template":"","format":"standard","meta":{"_acf_changed":false,"footnotes":""},"categories":[1],"tags":[],"class_list":["post-3399","post","type-post","status-publish","format-standard","has-post-thumbnail","hentry","category-aktuelno"],"acf":[],"yoast_head":"<!-- This site is optimized with the Yoast SEO plugin v26.8 - https:\/\/yoast.com\/product\/yoast-seo-wordpress\/ -->\n<title>Galerija 11\/07\/95 na dodjeli nagrada Evropskog muzejskog foruma - Galerija 11\/07\/95<\/title>\n<meta name=\"robots\" content=\"index, follow, max-snippet:-1, max-image-preview:large, max-video-preview:-1\" \/>\n<link rel=\"canonical\" href=\"https:\/\/galerija110795.ba\/bs\/galerija-11071995-na-dodjeli-nagrada-evropskog-muzejskog-foruma\/\" \/>\n<meta property=\"og:locale\" content=\"bs_BA\" \/>\n<meta property=\"og:type\" content=\"article\" \/>\n<meta property=\"og:title\" content=\"Galerija 11\/07\/95 na dodjeli nagrada Evropskog muzejskog foruma - Galerija 11\/07\/95\" \/>\n<meta property=\"og:description\" content=\"U dru\u0161tvu najve\u0107ih muzeja Evrope, ove godine se na\u0161la i Memorijalna Galerija 11\/07\/95 iz Sarajeva. Ovo je velika \u010dast za galeriju koja dostojanstveno \u010duva uspomenu na najve\u0107u tragediju rata u BiH &#8211; genocid u Srebrenici. Pod pokroviteljstvom Vije\u0107a Evrope, Evropski muzejski forum (European Museum Forum) i ove godine je organizirao presti\u017eno muzejsko takmi\u010denje EMYA 2016 &hellip; Continued\" \/>\n<meta property=\"og:url\" content=\"https:\/\/galerija110795.ba\/bs\/galerija-11071995-na-dodjeli-nagrada-evropskog-muzejskog-foruma\/\" \/>\n<meta property=\"og:site_name\" content=\"Galerija 11\/07\/95\" \/>\n<meta property=\"article:published_time\" content=\"2016-04-14T12:14:36+00:00\" \/>\n<meta property=\"article:modified_time\" content=\"2025-08-26T13:01:28+00:00\" \/>\n<meta property=\"og:image\" content=\"https:\/\/galerija110795.ba\/app\/uploads\/2016\/04\/image-18.jpeg\" \/>\n\t<meta property=\"og:image:width\" content=\"2592\" \/>\n\t<meta property=\"og:image:height\" content=\"1936\" \/>\n\t<meta property=\"og:image:type\" content=\"image\/jpeg\" \/>\n<meta name=\"author\" content=\"editor\" \/>\n<meta name=\"twitter:card\" content=\"summary_large_image\" \/>\n<meta name=\"twitter:label1\" content=\"Written by\" \/>\n\t<meta name=\"twitter:data1\" content=\"editor\" \/>\n\t<meta name=\"twitter:label2\" content=\"Est. reading time\" \/>\n\t<meta name=\"twitter:data2\" content=\"4 minute\" \/>\n<script type=\"application\/ld+json\" class=\"yoast-schema-graph\">{\"@context\":\"https:\/\/schema.org\",\"@graph\":[{\"@type\":\"Article\",\"@id\":\"https:\/\/galerija110795.ba\/bs\/galerija-11071995-na-dodjeli-nagrada-evropskog-muzejskog-foruma\/#article\",\"isPartOf\":{\"@id\":\"https:\/\/galerija110795.ba\/bs\/galerija-11071995-na-dodjeli-nagrada-evropskog-muzejskog-foruma\/\"},\"author\":{\"name\":\"editor\",\"@id\":\"https:\/\/galerija110795.ba\/#\/schema\/person\/af0a9c8c91261b0e9711b99689e8cacf\"},\"headline\":\"Galerija 11\/07\/95 na dodjeli nagrada Evropskog muzejskog foruma\",\"datePublished\":\"2016-04-14T12:14:36+00:00\",\"dateModified\":\"2025-08-26T13:01:28+00:00\",\"mainEntityOfPage\":{\"@id\":\"https:\/\/galerija110795.ba\/bs\/galerija-11071995-na-dodjeli-nagrada-evropskog-muzejskog-foruma\/\"},\"wordCount\":713,\"publisher\":{\"@id\":\"https:\/\/galerija110795.ba\/#organization\"},\"image\":{\"@id\":\"https:\/\/galerija110795.ba\/bs\/galerija-11071995-na-dodjeli-nagrada-evropskog-muzejskog-foruma\/#primaryimage\"},\"thumbnailUrl\":\"https:\/\/galerija110795.ba\/app\/uploads\/2016\/04\/image-18.jpeg\",\"articleSection\":[\"Aktuelno\"],\"inLanguage\":\"bs-BA\"},{\"@type\":\"WebPage\",\"@id\":\"https:\/\/galerija110795.ba\/bs\/galerija-11071995-na-dodjeli-nagrada-evropskog-muzejskog-foruma\/\",\"url\":\"https:\/\/galerija110795.ba\/bs\/galerija-11071995-na-dodjeli-nagrada-evropskog-muzejskog-foruma\/\",\"name\":\"Galerija 11\/07\/95 na dodjeli nagrada Evropskog muzejskog foruma - Galerija 11\/07\/95\",\"isPartOf\":{\"@id\":\"https:\/\/galerija110795.ba\/#website\"},\"primaryImageOfPage\":{\"@id\":\"https:\/\/galerija110795.ba\/bs\/galerija-11071995-na-dodjeli-nagrada-evropskog-muzejskog-foruma\/#primaryimage\"},\"image\":{\"@id\":\"https:\/\/galerija110795.ba\/bs\/galerija-11071995-na-dodjeli-nagrada-evropskog-muzejskog-foruma\/#primaryimage\"},\"thumbnailUrl\":\"https:\/\/galerija110795.ba\/app\/uploads\/2016\/04\/image-18.jpeg\",\"datePublished\":\"2016-04-14T12:14:36+00:00\",\"dateModified\":\"2025-08-26T13:01:28+00:00\",\"breadcrumb\":{\"@id\":\"https:\/\/galerija110795.ba\/bs\/galerija-11071995-na-dodjeli-nagrada-evropskog-muzejskog-foruma\/#breadcrumb\"},\"inLanguage\":\"bs-BA\",\"potentialAction\":[{\"@type\":\"ReadAction\",\"target\":[\"https:\/\/galerija110795.ba\/bs\/galerija-11071995-na-dodjeli-nagrada-evropskog-muzejskog-foruma\/\"]}]},{\"@type\":\"ImageObject\",\"inLanguage\":\"bs-BA\",\"@id\":\"https:\/\/galerija110795.ba\/bs\/galerija-11071995-na-dodjeli-nagrada-evropskog-muzejskog-foruma\/#primaryimage\",\"url\":\"https:\/\/galerija110795.ba\/app\/uploads\/2016\/04\/image-18.jpeg\",\"contentUrl\":\"https:\/\/galerija110795.ba\/app\/uploads\/2016\/04\/image-18.jpeg\",\"width\":2592,\"height\":1936},{\"@type\":\"BreadcrumbList\",\"@id\":\"https:\/\/galerija110795.ba\/bs\/galerija-11071995-na-dodjeli-nagrada-evropskog-muzejskog-foruma\/#breadcrumb\",\"itemListElement\":[{\"@type\":\"ListItem\",\"position\":1,\"name\":\"Home\",\"item\":\"https:\/\/galerija110795.ba\/\"},{\"@type\":\"ListItem\",\"position\":2,\"name\":\"Galerija 11\/07\/95 na dodjeli nagrada Evropskog muzejskog foruma\"}]},{\"@type\":\"WebSite\",\"@id\":\"https:\/\/galerija110795.ba\/#website\",\"url\":\"https:\/\/galerija110795.ba\/\",\"name\":\"Galerija 11\/07\/95\",\"description\":\"Prva memorijalna galerija u Bosni i Hercegovini, izlo\u017ebeni prostor kojem je cilj o\u010duvati sje\u0107anja na  tragediju Srebrenice i 8372 osobe tragi\u010dno stradale u srebreni\u010dkom genocidu.\",\"publisher\":{\"@id\":\"https:\/\/galerija110795.ba\/#organization\"},\"potentialAction\":[{\"@type\":\"SearchAction\",\"target\":{\"@type\":\"EntryPoint\",\"urlTemplate\":\"https:\/\/galerija110795.ba\/?s={search_term_string}\"},\"query-input\":{\"@type\":\"PropertyValueSpecification\",\"valueRequired\":true,\"valueName\":\"search_term_string\"}}],\"inLanguage\":\"bs-BA\"},{\"@type\":\"Organization\",\"@id\":\"https:\/\/galerija110795.ba\/#organization\",\"name\":\"Galerija 11\/07\/95\",\"url\":\"https:\/\/galerija110795.ba\/\",\"logo\":{\"@type\":\"ImageObject\",\"inLanguage\":\"bs-BA\",\"@id\":\"https:\/\/galerija110795.ba\/#\/schema\/logo\/image\/\",\"url\":\"https:\/\/galerija110795.ba\/app\/uploads\/2013\/09\/galerija_110795_logo.png\",\"contentUrl\":\"https:\/\/galerija110795.ba\/app\/uploads\/2013\/09\/galerija_110795_logo.png\",\"width\":1254,\"height\":408,\"caption\":\"Galerija 11\/07\/95\"},\"image\":{\"@id\":\"https:\/\/galerija110795.ba\/#\/schema\/logo\/image\/\"}},{\"@type\":\"Person\",\"@id\":\"https:\/\/galerija110795.ba\/#\/schema\/person\/af0a9c8c91261b0e9711b99689e8cacf\",\"name\":\"editor\",\"image\":{\"@type\":\"ImageObject\",\"inLanguage\":\"bs-BA\",\"@id\":\"https:\/\/galerija110795.ba\/#\/schema\/person\/image\/\",\"url\":\"https:\/\/secure.gravatar.com\/avatar\/ae92a6b059d73271ba94f17e36bce64d10cf523d83cc8dda3e5415930be67445?s=96&d=mm&r=g\",\"contentUrl\":\"https:\/\/secure.gravatar.com\/avatar\/ae92a6b059d73271ba94f17e36bce64d10cf523d83cc8dda3e5415930be67445?s=96&d=mm&r=g\",\"caption\":\"editor\"},\"url\":\"https:\/\/galerija110795.ba\/bs\/author\/editor\/\"}]}<\/script>\n<!-- \/ Yoast SEO plugin. -->","yoast_head_json":{"title":"Galerija 11\/07\/95 na dodjeli nagrada Evropskog muzejskog foruma - Galerija 11\/07\/95","robots":{"index":"index","follow":"follow","max-snippet":"max-snippet:-1","max-image-preview":"max-image-preview:large","max-video-preview":"max-video-preview:-1"},"canonical":"https:\/\/galerija110795.ba\/bs\/galerija-11071995-na-dodjeli-nagrada-evropskog-muzejskog-foruma\/","og_locale":"bs_BA","og_type":"article","og_title":"Galerija 11\/07\/95 na dodjeli nagrada Evropskog muzejskog foruma - Galerija 11\/07\/95","og_description":"U dru\u0161tvu najve\u0107ih muzeja Evrope, ove godine se na\u0161la i Memorijalna Galerija 11\/07\/95 iz Sarajeva. Ovo je velika \u010dast za galeriju koja dostojanstveno \u010duva uspomenu na najve\u0107u tragediju rata u BiH &#8211; genocid u Srebrenici. Pod pokroviteljstvom Vije\u0107a Evrope, Evropski muzejski forum (European Museum Forum) i ove godine je organizirao presti\u017eno muzejsko takmi\u010denje EMYA 2016 &hellip; Continued","og_url":"https:\/\/galerija110795.ba\/bs\/galerija-11071995-na-dodjeli-nagrada-evropskog-muzejskog-foruma\/","og_site_name":"Galerija 11\/07\/95","article_published_time":"2016-04-14T12:14:36+00:00","article_modified_time":"2025-08-26T13:01:28+00:00","og_image":[{"width":2592,"height":1936,"url":"https:\/\/galerija110795.ba\/app\/uploads\/2016\/04\/image-18.jpeg","type":"image\/jpeg"}],"author":"editor","twitter_card":"summary_large_image","twitter_misc":{"Written by":"editor","Est. reading time":"4 minute"},"schema":{"@context":"https:\/\/schema.org","@graph":[{"@type":"Article","@id":"https:\/\/galerija110795.ba\/bs\/galerija-11071995-na-dodjeli-nagrada-evropskog-muzejskog-foruma\/#article","isPartOf":{"@id":"https:\/\/galerija110795.ba\/bs\/galerija-11071995-na-dodjeli-nagrada-evropskog-muzejskog-foruma\/"},"author":{"name":"editor","@id":"https:\/\/galerija110795.ba\/#\/schema\/person\/af0a9c8c91261b0e9711b99689e8cacf"},"headline":"Galerija 11\/07\/95 na dodjeli nagrada Evropskog muzejskog foruma","datePublished":"2016-04-14T12:14:36+00:00","dateModified":"2025-08-26T13:01:28+00:00","mainEntityOfPage":{"@id":"https:\/\/galerija110795.ba\/bs\/galerija-11071995-na-dodjeli-nagrada-evropskog-muzejskog-foruma\/"},"wordCount":713,"publisher":{"@id":"https:\/\/galerija110795.ba\/#organization"},"image":{"@id":"https:\/\/galerija110795.ba\/bs\/galerija-11071995-na-dodjeli-nagrada-evropskog-muzejskog-foruma\/#primaryimage"},"thumbnailUrl":"https:\/\/galerija110795.ba\/app\/uploads\/2016\/04\/image-18.jpeg","articleSection":["Aktuelno"],"inLanguage":"bs-BA"},{"@type":"WebPage","@id":"https:\/\/galerija110795.ba\/bs\/galerija-11071995-na-dodjeli-nagrada-evropskog-muzejskog-foruma\/","url":"https:\/\/galerija110795.ba\/bs\/galerija-11071995-na-dodjeli-nagrada-evropskog-muzejskog-foruma\/","name":"Galerija 11\/07\/95 na dodjeli nagrada Evropskog muzejskog foruma - Galerija 11\/07\/95","isPartOf":{"@id":"https:\/\/galerija110795.ba\/#website"},"primaryImageOfPage":{"@id":"https:\/\/galerija110795.ba\/bs\/galerija-11071995-na-dodjeli-nagrada-evropskog-muzejskog-foruma\/#primaryimage"},"image":{"@id":"https:\/\/galerija110795.ba\/bs\/galerija-11071995-na-dodjeli-nagrada-evropskog-muzejskog-foruma\/#primaryimage"},"thumbnailUrl":"https:\/\/galerija110795.ba\/app\/uploads\/2016\/04\/image-18.jpeg","datePublished":"2016-04-14T12:14:36+00:00","dateModified":"2025-08-26T13:01:28+00:00","breadcrumb":{"@id":"https:\/\/galerija110795.ba\/bs\/galerija-11071995-na-dodjeli-nagrada-evropskog-muzejskog-foruma\/#breadcrumb"},"inLanguage":"bs-BA","potentialAction":[{"@type":"ReadAction","target":["https:\/\/galerija110795.ba\/bs\/galerija-11071995-na-dodjeli-nagrada-evropskog-muzejskog-foruma\/"]}]},{"@type":"ImageObject","inLanguage":"bs-BA","@id":"https:\/\/galerija110795.ba\/bs\/galerija-11071995-na-dodjeli-nagrada-evropskog-muzejskog-foruma\/#primaryimage","url":"https:\/\/galerija110795.ba\/app\/uploads\/2016\/04\/image-18.jpeg","contentUrl":"https:\/\/galerija110795.ba\/app\/uploads\/2016\/04\/image-18.jpeg","width":2592,"height":1936},{"@type":"BreadcrumbList","@id":"https:\/\/galerija110795.ba\/bs\/galerija-11071995-na-dodjeli-nagrada-evropskog-muzejskog-foruma\/#breadcrumb","itemListElement":[{"@type":"ListItem","position":1,"name":"Home","item":"https:\/\/galerija110795.ba\/"},{"@type":"ListItem","position":2,"name":"Galerija 11\/07\/95 na dodjeli nagrada Evropskog muzejskog foruma"}]},{"@type":"WebSite","@id":"https:\/\/galerija110795.ba\/#website","url":"https:\/\/galerija110795.ba\/","name":"Galerija 11\/07\/95","description":"Prva memorijalna galerija u Bosni i Hercegovini, izlo\u017ebeni prostor kojem je cilj o\u010duvati sje\u0107anja na  tragediju Srebrenice i 8372 osobe tragi\u010dno stradale u srebreni\u010dkom genocidu.","publisher":{"@id":"https:\/\/galerija110795.ba\/#organization"},"potentialAction":[{"@type":"SearchAction","target":{"@type":"EntryPoint","urlTemplate":"https:\/\/galerija110795.ba\/?s={search_term_string}"},"query-input":{"@type":"PropertyValueSpecification","valueRequired":true,"valueName":"search_term_string"}}],"inLanguage":"bs-BA"},{"@type":"Organization","@id":"https:\/\/galerija110795.ba\/#organization","name":"Galerija 11\/07\/95","url":"https:\/\/galerija110795.ba\/","logo":{"@type":"ImageObject","inLanguage":"bs-BA","@id":"https:\/\/galerija110795.ba\/#\/schema\/logo\/image\/","url":"https:\/\/galerija110795.ba\/app\/uploads\/2013\/09\/galerija_110795_logo.png","contentUrl":"https:\/\/galerija110795.ba\/app\/uploads\/2013\/09\/galerija_110795_logo.png","width":1254,"height":408,"caption":"Galerija 11\/07\/95"},"image":{"@id":"https:\/\/galerija110795.ba\/#\/schema\/logo\/image\/"}},{"@type":"Person","@id":"https:\/\/galerija110795.ba\/#\/schema\/person\/af0a9c8c91261b0e9711b99689e8cacf","name":"editor","image":{"@type":"ImageObject","inLanguage":"bs-BA","@id":"https:\/\/galerija110795.ba\/#\/schema\/person\/image\/","url":"https:\/\/secure.gravatar.com\/avatar\/ae92a6b059d73271ba94f17e36bce64d10cf523d83cc8dda3e5415930be67445?s=96&d=mm&r=g","contentUrl":"https:\/\/secure.gravatar.com\/avatar\/ae92a6b059d73271ba94f17e36bce64d10cf523d83cc8dda3e5415930be67445?s=96&d=mm&r=g","caption":"editor"},"url":"https:\/\/galerija110795.ba\/bs\/author\/editor\/"}]}},"wpml_current_locale":"bs_BA","wpml_translations":{"bs_BA":{"locale":"bs_BA","id":3399,"slug":"galerija-11071995-na-dodjeli-nagrada-evropskog-muzejskog-foruma","post_title":"Galerija 11\/07\/95 na dodjeli nagrada Evropskog muzejskog foruma","href":"https:\/\/galerija110795.ba\/bs\/galerija-11071995-na-dodjeli-nagrada-evropskog-muzejskog-foruma\/"},"en_US":{"locale":"en_US","id":3440,"slug":"gallery-110795-european-museum-forum-award-ceremony","post_title":"Gallery 11\/07\/95 at the European Museum Forum Award Ceremony","href":"https:\/\/galerija110795.ba\/gallery-110795-european-museum-forum-award-ceremony\/"}},"_links":{"self":[{"href":"https:\/\/galerija110795.ba\/bs\/wp-json\/wp\/v2\/posts\/3399","targetHints":{"allow":["GET"]}}],"collection":[{"href":"https:\/\/galerija110795.ba\/bs\/wp-json\/wp\/v2\/posts"}],"about":[{"href":"https:\/\/galerija110795.ba\/bs\/wp-json\/wp\/v2\/types\/post"}],"author":[{"embeddable":true,"href":"https:\/\/galerija110795.ba\/bs\/wp-json\/wp\/v2\/users\/3"}],"replies":[{"embeddable":true,"href":"https:\/\/galerija110795.ba\/bs\/wp-json\/wp\/v2\/comments?post=3399"}],"version-history":[{"count":2,"href":"https:\/\/galerija110795.ba\/bs\/wp-json\/wp\/v2\/posts\/3399\/revisions"}],"predecessor-version":[{"id":5206,"href":"https:\/\/galerija110795.ba\/bs\/wp-json\/wp\/v2\/posts\/3399\/revisions\/5206"}],"wp:featuredmedia":[{"embeddable":true,"href":"https:\/\/galerija110795.ba\/bs\/wp-json\/wp\/v2\/media\/3400"}],"wp:attachment":[{"href":"https:\/\/galerija110795.ba\/bs\/wp-json\/wp\/v2\/media?parent=3399"}],"wp:term":[{"taxonomy":"category","embeddable":true,"href":"https:\/\/galerija110795.ba\/bs\/wp-json\/wp\/v2\/categories?post=3399"},{"taxonomy":"post_tag","embeddable":true,"href":"https:\/\/galerija110795.ba\/bs\/wp-json\/wp\/v2\/tags?post=3399"}],"curies":[{"name":"wp","href":"https:\/\/api.w.org\/{rel}","templated":true}]}}