{"id":2427,"date":"2013-12-10T09:03:31","date_gmt":"2013-12-10T09:03:31","guid":{"rendered":"https:\/\/galerija110795.ba\/?p=2427"},"modified":"2015-11-07T14:21:06","modified_gmt":"2015-11-07T14:21:06","slug":"poznati-ratni-reporter-martin-bell-u-galeriji-110795","status":"publish","type":"post","link":"https:\/\/galerija110795.ba\/bs\/poznati-ratni-reporter-martin-bell-u-galeriji-110795\/","title":{"rendered":"\u010cuveni ratni reporter BBC-ja Martin Bell u Galeriji 11\/07\/95"},"content":{"rendered":"<p class=\"subhead\">\u010cuveni\u00a0ratni reporter Agencije BBC<strong>\u00a0Martin Bell<\/strong>, zajedno sa predstavnicima vjerskih zajednica iz Velike Britanije,\u00a0posjetio je danas<strong> Galeriju 11\/07\/95.<\/strong><\/p>\n<p><img decoding=\"async\" class=\"img-responsive alignright\" src=\"https:\/\/galerija110795.ba\/app\/uploads\/2015\/09\/Bell.jpg\" alt=\"Bell\" \/>G. Bell je\u00a0za vrijeme rata izvje\u0161tavao iz Bosne i Hercegovine. Izjavio\u00a0je da tokom svoje novinarske karijere izvje\u0161tavao iz 18 razli\u010ditih ratnih zona, ali da je rat koji se odvijao u BiH ostavio najsna\u017eniji utisak na njega.\u00a0<em>Fotografije koje sam ovdje vidio, o\u017eivjele su neka sje\u0107anja. Znam da su civili u Bosni i Hercegovini u\u017easno propatili. I za to krivim ne samo one koji su vodili rat ve\u0107 i one koje su dopustili da se to desi. Pritom mislim na zapadne demokratije, a me\u0111u njima i na moju zemlju &#8211;\u00a0<\/em>rekao je Bell.<\/p>\n<p>G. Bell je Galeriju posjetio zajedno sa delegacijom <strong>Fondacije<\/strong>\u00a0<strong>Remembering\u00a0Srebrenica<\/strong>, koja programom <strong>Lekcije iz Srebrenice\u00a0<\/strong>nastoji podi\u0107i svjesnost o genocidu. Osim g. Bella, u dana\u0161njoj delegaciji bila je i\u00a0osniva\u010dica i direktorica Me\u0111ureligijske fondacije <strong>Joseph, g\u0111a.<\/strong>\u00a0<strong>Mehri Nikham,<\/strong>\u00a0zatim\u00a0sekretar za me\u0111ureligijske odnose Engleske crkve <strong>dr. Toby Howarth <\/strong>i\u00a0predstavnik Katoli\u010dke crkve Velike Britanije <strong>Greg Pope,<\/strong> i drugi.<\/p>\n","protected":false},"excerpt":{"rendered":"<p>\u010cuveni\u00a0ratni reporter Agencije BBC\u00a0Martin Bell, zajedno sa predstavnicima vjerskih zajednica iz Velike Britanije,\u00a0posjetio je danas Galeriju 11\/07\/95. G. Bell je\u00a0za vrijeme rata izvje\u0161tavao iz Bosne i Hercegovine. Izjavio\u00a0je da tokom svoje novinarske karijere izvje\u0161tavao iz 18 razli\u010ditih ratnih zona, ali da je rat koji se odvijao u BiH ostavio najsna\u017eniji utisak na njega.\u00a0Fotografije koje sam &hellip; <a href=\"https:\/\/galerija110795.ba\/bs\/poznati-ratni-reporter-martin-bell-u-galeriji-110795\/\">Continued<\/a><\/p>\n","protected":false},"author":2,"featured_media":2428,"comment_status":"closed","ping_status":"open","sticky":false,"template":"","format":"standard","meta":{"_acf_changed":false,"footnotes":""},"categories":[1],"tags":[],"class_list":["post-2427","post","type-post","status-publish","format-standard","has-post-thumbnail","hentry","category-aktuelno"],"acf":[],"yoast_head":"<!-- This site is optimized with the Yoast SEO plugin v26.8 - https:\/\/yoast.com\/product\/yoast-seo-wordpress\/ -->\n<title>\u010cuveni ratni reporter BBC-ja Martin Bell u Galeriji 11\/07\/95 - Galerija 11\/07\/95<\/title>\n<meta name=\"robots\" content=\"index, follow, max-snippet:-1, max-image-preview:large, max-video-preview:-1\" \/>\n<link rel=\"canonical\" href=\"https:\/\/galerija110795.ba\/bs\/poznati-ratni-reporter-martin-bell-u-galeriji-110795\/\" \/>\n<meta property=\"og:locale\" content=\"bs_BA\" \/>\n<meta property=\"og:type\" content=\"article\" \/>\n<meta property=\"og:title\" content=\"\u010cuveni ratni reporter BBC-ja Martin Bell u Galeriji 11\/07\/95 - Galerija 11\/07\/95\" \/>\n<meta property=\"og:description\" content=\"\u010cuveni\u00a0ratni reporter Agencije BBC\u00a0Martin Bell, zajedno sa predstavnicima vjerskih zajednica iz Velike Britanije,\u00a0posjetio je danas Galeriju 11\/07\/95. G. Bell je\u00a0za vrijeme rata izvje\u0161tavao iz Bosne i Hercegovine. Izjavio\u00a0je da tokom svoje novinarske karijere izvje\u0161tavao iz 18 razli\u010ditih ratnih zona, ali da je rat koji se odvijao u BiH ostavio najsna\u017eniji utisak na njega.\u00a0Fotografije koje sam &hellip; Continued\" \/>\n<meta property=\"og:url\" content=\"https:\/\/galerija110795.ba\/bs\/poznati-ratni-reporter-martin-bell-u-galeriji-110795\/\" \/>\n<meta property=\"og:site_name\" content=\"Galerija 11\/07\/95\" \/>\n<meta property=\"article:published_time\" content=\"2013-12-10T09:03:31+00:00\" \/>\n<meta property=\"article:modified_time\" content=\"2015-11-07T14:21:06+00:00\" \/>\n<meta property=\"og:image\" content=\"https:\/\/galerija110795.ba\/app\/uploads\/2015\/09\/Bell.jpg\" \/>\n\t<meta property=\"og:image:width\" content=\"580\" \/>\n\t<meta property=\"og:image:height\" content=\"385\" \/>\n\t<meta property=\"og:image:type\" content=\"image\/jpeg\" \/>\n<meta name=\"author\" content=\"Anela Hakalovi\u0107\" \/>\n<meta name=\"twitter:card\" content=\"summary_large_image\" \/>\n<meta name=\"twitter:label1\" content=\"Written by\" \/>\n\t<meta name=\"twitter:data1\" content=\"Anela Hakalovi\u0107\" \/>\n\t<meta name=\"twitter:label2\" content=\"Est. reading time\" \/>\n\t<meta name=\"twitter:data2\" content=\"1 minuta\" \/>\n<script type=\"application\/ld+json\" class=\"yoast-schema-graph\">{\"@context\":\"https:\/\/schema.org\",\"@graph\":[{\"@type\":\"Article\",\"@id\":\"https:\/\/galerija110795.ba\/bs\/poznati-ratni-reporter-martin-bell-u-galeriji-110795\/#article\",\"isPartOf\":{\"@id\":\"https:\/\/galerija110795.ba\/bs\/poznati-ratni-reporter-martin-bell-u-galeriji-110795\/\"},\"author\":{\"name\":\"Anela Hakalovi\u0107\",\"@id\":\"https:\/\/galerija110795.ba\/#\/schema\/person\/aed85583c0c5ab85318b45909ea22388\"},\"headline\":\"\u010cuveni ratni reporter BBC-ja Martin Bell u Galeriji 11\/07\/95\",\"datePublished\":\"2013-12-10T09:03:31+00:00\",\"dateModified\":\"2015-11-07T14:21:06+00:00\",\"mainEntityOfPage\":{\"@id\":\"https:\/\/galerija110795.ba\/bs\/poznati-ratni-reporter-martin-bell-u-galeriji-110795\/\"},\"wordCount\":194,\"publisher\":{\"@id\":\"https:\/\/galerija110795.ba\/#organization\"},\"image\":{\"@id\":\"https:\/\/galerija110795.ba\/bs\/poznati-ratni-reporter-martin-bell-u-galeriji-110795\/#primaryimage\"},\"thumbnailUrl\":\"https:\/\/galerija110795.ba\/app\/uploads\/2015\/09\/Bell.jpg\",\"articleSection\":[\"Aktuelno\"],\"inLanguage\":\"bs-BA\"},{\"@type\":\"WebPage\",\"@id\":\"https:\/\/galerija110795.ba\/bs\/poznati-ratni-reporter-martin-bell-u-galeriji-110795\/\",\"url\":\"https:\/\/galerija110795.ba\/bs\/poznati-ratni-reporter-martin-bell-u-galeriji-110795\/\",\"name\":\"\u010cuveni ratni reporter BBC-ja Martin Bell u Galeriji 11\/07\/95 - Galerija 11\/07\/95\",\"isPartOf\":{\"@id\":\"https:\/\/galerija110795.ba\/#website\"},\"primaryImageOfPage\":{\"@id\":\"https:\/\/galerija110795.ba\/bs\/poznati-ratni-reporter-martin-bell-u-galeriji-110795\/#primaryimage\"},\"image\":{\"@id\":\"https:\/\/galerija110795.ba\/bs\/poznati-ratni-reporter-martin-bell-u-galeriji-110795\/#primaryimage\"},\"thumbnailUrl\":\"https:\/\/galerija110795.ba\/app\/uploads\/2015\/09\/Bell.jpg\",\"datePublished\":\"2013-12-10T09:03:31+00:00\",\"dateModified\":\"2015-11-07T14:21:06+00:00\",\"breadcrumb\":{\"@id\":\"https:\/\/galerija110795.ba\/bs\/poznati-ratni-reporter-martin-bell-u-galeriji-110795\/#breadcrumb\"},\"inLanguage\":\"bs-BA\",\"potentialAction\":[{\"@type\":\"ReadAction\",\"target\":[\"https:\/\/galerija110795.ba\/bs\/poznati-ratni-reporter-martin-bell-u-galeriji-110795\/\"]}]},{\"@type\":\"ImageObject\",\"inLanguage\":\"bs-BA\",\"@id\":\"https:\/\/galerija110795.ba\/bs\/poznati-ratni-reporter-martin-bell-u-galeriji-110795\/#primaryimage\",\"url\":\"https:\/\/galerija110795.ba\/app\/uploads\/2015\/09\/Bell.jpg\",\"contentUrl\":\"https:\/\/galerija110795.ba\/app\/uploads\/2015\/09\/Bell.jpg\",\"width\":580,\"height\":385},{\"@type\":\"BreadcrumbList\",\"@id\":\"https:\/\/galerija110795.ba\/bs\/poznati-ratni-reporter-martin-bell-u-galeriji-110795\/#breadcrumb\",\"itemListElement\":[{\"@type\":\"ListItem\",\"position\":1,\"name\":\"Home\",\"item\":\"https:\/\/galerija110795.ba\/\"},{\"@type\":\"ListItem\",\"position\":2,\"name\":\"\u010cuveni ratni reporter BBC-ja Martin Bell u Galeriji 11\/07\/95\"}]},{\"@type\":\"WebSite\",\"@id\":\"https:\/\/galerija110795.ba\/#website\",\"url\":\"https:\/\/galerija110795.ba\/\",\"name\":\"Galerija 11\/07\/95\",\"description\":\"Prva memorijalna galerija u Bosni i Hercegovini, izlo\u017ebeni prostor kojem je cilj o\u010duvati sje\u0107anja na  tragediju Srebrenice i 8372 osobe tragi\u010dno stradale u srebreni\u010dkom genocidu.\",\"publisher\":{\"@id\":\"https:\/\/galerija110795.ba\/#organization\"},\"potentialAction\":[{\"@type\":\"SearchAction\",\"target\":{\"@type\":\"EntryPoint\",\"urlTemplate\":\"https:\/\/galerija110795.ba\/?s={search_term_string}\"},\"query-input\":{\"@type\":\"PropertyValueSpecification\",\"valueRequired\":true,\"valueName\":\"search_term_string\"}}],\"inLanguage\":\"bs-BA\"},{\"@type\":\"Organization\",\"@id\":\"https:\/\/galerija110795.ba\/#organization\",\"name\":\"Galerija 11\/07\/95\",\"url\":\"https:\/\/galerija110795.ba\/\",\"logo\":{\"@type\":\"ImageObject\",\"inLanguage\":\"bs-BA\",\"@id\":\"https:\/\/galerija110795.ba\/#\/schema\/logo\/image\/\",\"url\":\"https:\/\/galerija110795.ba\/app\/uploads\/2013\/09\/galerija_110795_logo.png\",\"contentUrl\":\"https:\/\/galerija110795.ba\/app\/uploads\/2013\/09\/galerija_110795_logo.png\",\"width\":1254,\"height\":408,\"caption\":\"Galerija 11\/07\/95\"},\"image\":{\"@id\":\"https:\/\/galerija110795.ba\/#\/schema\/logo\/image\/\"}},{\"@type\":\"Person\",\"@id\":\"https:\/\/galerija110795.ba\/#\/schema\/person\/aed85583c0c5ab85318b45909ea22388\",\"name\":\"Anela Hakalovi\u0107\",\"image\":{\"@type\":\"ImageObject\",\"inLanguage\":\"bs-BA\",\"@id\":\"https:\/\/galerija110795.ba\/#\/schema\/person\/image\/\",\"url\":\"https:\/\/secure.gravatar.com\/avatar\/73b0950138c9b13ee821b104d652969835e2e28c1ed741ecae67f3fb387e0a90?s=96&d=mm&r=g\",\"contentUrl\":\"https:\/\/secure.gravatar.com\/avatar\/73b0950138c9b13ee821b104d652969835e2e28c1ed741ecae67f3fb387e0a90?s=96&d=mm&r=g\",\"caption\":\"Anela Hakalovi\u0107\"},\"sameAs\":[\"https:\/\/galerija110795.ba\"],\"url\":\"https:\/\/galerija110795.ba\/bs\/author\/anela\/\"}]}<\/script>\n<!-- \/ Yoast SEO plugin. -->","yoast_head_json":{"title":"\u010cuveni ratni reporter BBC-ja Martin Bell u Galeriji 11\/07\/95 - Galerija 11\/07\/95","robots":{"index":"index","follow":"follow","max-snippet":"max-snippet:-1","max-image-preview":"max-image-preview:large","max-video-preview":"max-video-preview:-1"},"canonical":"https:\/\/galerija110795.ba\/bs\/poznati-ratni-reporter-martin-bell-u-galeriji-110795\/","og_locale":"bs_BA","og_type":"article","og_title":"\u010cuveni ratni reporter BBC-ja Martin Bell u Galeriji 11\/07\/95 - Galerija 11\/07\/95","og_description":"\u010cuveni\u00a0ratni reporter Agencije BBC\u00a0Martin Bell, zajedno sa predstavnicima vjerskih zajednica iz Velike Britanije,\u00a0posjetio je danas Galeriju 11\/07\/95. G. Bell je\u00a0za vrijeme rata izvje\u0161tavao iz Bosne i Hercegovine. Izjavio\u00a0je da tokom svoje novinarske karijere izvje\u0161tavao iz 18 razli\u010ditih ratnih zona, ali da je rat koji se odvijao u BiH ostavio najsna\u017eniji utisak na njega.\u00a0Fotografije koje sam &hellip; Continued","og_url":"https:\/\/galerija110795.ba\/bs\/poznati-ratni-reporter-martin-bell-u-galeriji-110795\/","og_site_name":"Galerija 11\/07\/95","article_published_time":"2013-12-10T09:03:31+00:00","article_modified_time":"2015-11-07T14:21:06+00:00","og_image":[{"width":580,"height":385,"url":"https:\/\/galerija110795.ba\/app\/uploads\/2015\/09\/Bell.jpg","type":"image\/jpeg"}],"author":"Anela Hakalovi\u0107","twitter_card":"summary_large_image","twitter_misc":{"Written by":"Anela Hakalovi\u0107","Est. reading time":"1 minuta"},"schema":{"@context":"https:\/\/schema.org","@graph":[{"@type":"Article","@id":"https:\/\/galerija110795.ba\/bs\/poznati-ratni-reporter-martin-bell-u-galeriji-110795\/#article","isPartOf":{"@id":"https:\/\/galerija110795.ba\/bs\/poznati-ratni-reporter-martin-bell-u-galeriji-110795\/"},"author":{"name":"Anela Hakalovi\u0107","@id":"https:\/\/galerija110795.ba\/#\/schema\/person\/aed85583c0c5ab85318b45909ea22388"},"headline":"\u010cuveni ratni reporter BBC-ja Martin Bell u Galeriji 11\/07\/95","datePublished":"2013-12-10T09:03:31+00:00","dateModified":"2015-11-07T14:21:06+00:00","mainEntityOfPage":{"@id":"https:\/\/galerija110795.ba\/bs\/poznati-ratni-reporter-martin-bell-u-galeriji-110795\/"},"wordCount":194,"publisher":{"@id":"https:\/\/galerija110795.ba\/#organization"},"image":{"@id":"https:\/\/galerija110795.ba\/bs\/poznati-ratni-reporter-martin-bell-u-galeriji-110795\/#primaryimage"},"thumbnailUrl":"https:\/\/galerija110795.ba\/app\/uploads\/2015\/09\/Bell.jpg","articleSection":["Aktuelno"],"inLanguage":"bs-BA"},{"@type":"WebPage","@id":"https:\/\/galerija110795.ba\/bs\/poznati-ratni-reporter-martin-bell-u-galeriji-110795\/","url":"https:\/\/galerija110795.ba\/bs\/poznati-ratni-reporter-martin-bell-u-galeriji-110795\/","name":"\u010cuveni ratni reporter BBC-ja Martin Bell u Galeriji 11\/07\/95 - Galerija 11\/07\/95","isPartOf":{"@id":"https:\/\/galerija110795.ba\/#website"},"primaryImageOfPage":{"@id":"https:\/\/galerija110795.ba\/bs\/poznati-ratni-reporter-martin-bell-u-galeriji-110795\/#primaryimage"},"image":{"@id":"https:\/\/galerija110795.ba\/bs\/poznati-ratni-reporter-martin-bell-u-galeriji-110795\/#primaryimage"},"thumbnailUrl":"https:\/\/galerija110795.ba\/app\/uploads\/2015\/09\/Bell.jpg","datePublished":"2013-12-10T09:03:31+00:00","dateModified":"2015-11-07T14:21:06+00:00","breadcrumb":{"@id":"https:\/\/galerija110795.ba\/bs\/poznati-ratni-reporter-martin-bell-u-galeriji-110795\/#breadcrumb"},"inLanguage":"bs-BA","potentialAction":[{"@type":"ReadAction","target":["https:\/\/galerija110795.ba\/bs\/poznati-ratni-reporter-martin-bell-u-galeriji-110795\/"]}]},{"@type":"ImageObject","inLanguage":"bs-BA","@id":"https:\/\/galerija110795.ba\/bs\/poznati-ratni-reporter-martin-bell-u-galeriji-110795\/#primaryimage","url":"https:\/\/galerija110795.ba\/app\/uploads\/2015\/09\/Bell.jpg","contentUrl":"https:\/\/galerija110795.ba\/app\/uploads\/2015\/09\/Bell.jpg","width":580,"height":385},{"@type":"BreadcrumbList","@id":"https:\/\/galerija110795.ba\/bs\/poznati-ratni-reporter-martin-bell-u-galeriji-110795\/#breadcrumb","itemListElement":[{"@type":"ListItem","position":1,"name":"Home","item":"https:\/\/galerija110795.ba\/"},{"@type":"ListItem","position":2,"name":"\u010cuveni ratni reporter BBC-ja Martin Bell u Galeriji 11\/07\/95"}]},{"@type":"WebSite","@id":"https:\/\/galerija110795.ba\/#website","url":"https:\/\/galerija110795.ba\/","name":"Galerija 11\/07\/95","description":"Prva memorijalna galerija u Bosni i Hercegovini, izlo\u017ebeni prostor kojem je cilj o\u010duvati sje\u0107anja na  tragediju Srebrenice i 8372 osobe tragi\u010dno stradale u srebreni\u010dkom genocidu.","publisher":{"@id":"https:\/\/galerija110795.ba\/#organization"},"potentialAction":[{"@type":"SearchAction","target":{"@type":"EntryPoint","urlTemplate":"https:\/\/galerija110795.ba\/?s={search_term_string}"},"query-input":{"@type":"PropertyValueSpecification","valueRequired":true,"valueName":"search_term_string"}}],"inLanguage":"bs-BA"},{"@type":"Organization","@id":"https:\/\/galerija110795.ba\/#organization","name":"Galerija 11\/07\/95","url":"https:\/\/galerija110795.ba\/","logo":{"@type":"ImageObject","inLanguage":"bs-BA","@id":"https:\/\/galerija110795.ba\/#\/schema\/logo\/image\/","url":"https:\/\/galerija110795.ba\/app\/uploads\/2013\/09\/galerija_110795_logo.png","contentUrl":"https:\/\/galerija110795.ba\/app\/uploads\/2013\/09\/galerija_110795_logo.png","width":1254,"height":408,"caption":"Galerija 11\/07\/95"},"image":{"@id":"https:\/\/galerija110795.ba\/#\/schema\/logo\/image\/"}},{"@type":"Person","@id":"https:\/\/galerija110795.ba\/#\/schema\/person\/aed85583c0c5ab85318b45909ea22388","name":"Anela Hakalovi\u0107","image":{"@type":"ImageObject","inLanguage":"bs-BA","@id":"https:\/\/galerija110795.ba\/#\/schema\/person\/image\/","url":"https:\/\/secure.gravatar.com\/avatar\/73b0950138c9b13ee821b104d652969835e2e28c1ed741ecae67f3fb387e0a90?s=96&d=mm&r=g","contentUrl":"https:\/\/secure.gravatar.com\/avatar\/73b0950138c9b13ee821b104d652969835e2e28c1ed741ecae67f3fb387e0a90?s=96&d=mm&r=g","caption":"Anela Hakalovi\u0107"},"sameAs":["https:\/\/galerija110795.ba"],"url":"https:\/\/galerija110795.ba\/bs\/author\/anela\/"}]}},"wpml_current_locale":"bs_BA","wpml_translations":{"bs_BA":{"locale":"bs_BA","id":2427,"slug":"poznati-ratni-reporter-martin-bell-u-galeriji-110795","post_title":"\u010cuveni ratni reporter BBC-ja Martin Bell u Galeriji 11\/07\/95","href":"https:\/\/galerija110795.ba\/bs\/poznati-ratni-reporter-martin-bell-u-galeriji-110795\/"},"en_US":{"locale":"en_US","id":2468,"slug":"the-famous-bbcs-war-reporter-martin-bell-in-the-gallery-110795","post_title":"The famous BBC's war reporter Martin Bell in Gallery 11\/07\/95","href":"https:\/\/galerija110795.ba\/the-famous-bbcs-war-reporter-martin-bell-in-the-gallery-110795\/"}},"_links":{"self":[{"href":"https:\/\/galerija110795.ba\/bs\/wp-json\/wp\/v2\/posts\/2427","targetHints":{"allow":["GET"]}}],"collection":[{"href":"https:\/\/galerija110795.ba\/bs\/wp-json\/wp\/v2\/posts"}],"about":[{"href":"https:\/\/galerija110795.ba\/bs\/wp-json\/wp\/v2\/types\/post"}],"author":[{"embeddable":true,"href":"https:\/\/galerija110795.ba\/bs\/wp-json\/wp\/v2\/users\/2"}],"replies":[{"embeddable":true,"href":"https:\/\/galerija110795.ba\/bs\/wp-json\/wp\/v2\/comments?post=2427"}],"version-history":[{"count":0,"href":"https:\/\/galerija110795.ba\/bs\/wp-json\/wp\/v2\/posts\/2427\/revisions"}],"wp:featuredmedia":[{"embeddable":true,"href":"https:\/\/galerija110795.ba\/bs\/wp-json\/wp\/v2\/media\/2428"}],"wp:attachment":[{"href":"https:\/\/galerija110795.ba\/bs\/wp-json\/wp\/v2\/media?parent=2427"}],"wp:term":[{"taxonomy":"category","embeddable":true,"href":"https:\/\/galerija110795.ba\/bs\/wp-json\/wp\/v2\/categories?post=2427"},{"taxonomy":"post_tag","embeddable":true,"href":"https:\/\/galerija110795.ba\/bs\/wp-json\/wp\/v2\/tags?post=2427"}],"curies":[{"name":"wp","href":"https:\/\/api.w.org\/{rel}","templated":true}]}}