{"id":2129,"date":"2015-07-06T19:35:17","date_gmt":"2015-07-06T19:35:17","guid":{"rendered":"https:\/\/galerija110795.ba\/?p=2129"},"modified":"2015-10-18T13:43:56","modified_gmt":"2015-10-18T13:43:56","slug":"fotografija-iz-stalnog-postava-galerije-110795-izlozena-u-westminster-opatiji","status":"publish","type":"post","link":"https:\/\/galerija110795.ba\/bs\/fotografija-iz-stalnog-postava-galerije-110795-izlozena-u-westminster-opatiji\/","title":{"rendered":"Fotografija iz stalne postavke Galerije 11\/07\/95 izlo\u017eena u Westminsterskoj opatiji"},"content":{"rendered":"<p class=\"img-responsive uvod\" style=\"text-align: justify;\">Povodom dvadesete godi\u0161njice genocida u <strong>Srebrenici<\/strong> u\u00a0<strong>Westminsterskoj opatiji<\/strong> u <strong>Londonu<\/strong> odr\u017eana je misa i odata po\u010dast \u017ertvama genocida. U sklopu navedene manifestacije izlo\u017eena je i jedna od fotografija iz stalne postavke <strong>Galerije 11\/07\/95.<\/strong> Radi se o fotografiji autora <strong>Tarika Samaraha<\/strong> snimljenoj 2003. godine, dva dana prije prve d\u017eenaze u Poto\u010darima. Na fotografiji su prikazani tabuti sa tijelima 599 mu\u0161karaca i jedne \u017eene.<\/p>\n<p class=\"img-responsive uvod\" style=\"text-align: justify;\"><img decoding=\"async\" class=\"img-responsive alignleft \" src=\"https:\/\/galerija110795.ba\/app\/uploads\/2015\/07\/913187-009.jpg\" alt=\"A Solemn Commemoration for Srebrenica Memorial Day was held at Westminster Abbey,London. The Service was led by The Dean of Westminster The Very Reverend Dr John Hall, with guests including The President of Bosnia and Herzegovnia His Excellency Bakir Izet\"\/><\/p>\n<p class=\"img-responsive uvod\" style=\"text-align: justify;\">Obilje\u017eavanje dvadesete godi\u0161njice genocida u Srebrenici u velikom broju gradova Velike Britanije organizirala je udruga\u00a0<strong>Remembering Srebrenica<\/strong> pod pokroviteljstvom Vlade Ujedinjenog Kraljevstva.<\/p>\n\n<div id=\"blueimp-gallery\" class=\"blueimp-gallery\" data-use-bootstrap-modal=\"false\">\n    <!-- The container for the modal slides -->\n    <div class=\"slides\"><\/div>\n    <!-- Controls for the borderless lightbox -->\n    <h3 class=\"title\"><\/h3>\n    <a class=\"prev\">\u2039<\/a>\n    <a class=\"next\">\u203a<\/a>\n    <a class=\"close\">\u00d7<\/a>\n    <a class=\"play-pause\"><\/a>\n    <!-- The modal dialog, which will be used to wrap the lightbox content -->\n    <div class=\"modal fade\">\n        <div class=\"modal-dialog\">\n            <div class=\"modal-content\">\n                <div class=\"modal-header\">\n                    <button type=\"button\" class=\"close\" aria-hidden=\"true\">&times;<\/button>\n                    <h4 class=\"modal-title\"><\/h4>\n                <\/div>\n                <div class=\"modal-body next\"><\/div>\n                <div class=\"modal-footer\">\n                    <button type=\"button\" class=\"btn btn-default pull-left prev\">\n                        <i class=\"glyphicon glyphicon-chevron-left\"><\/i>\n                        Previous\n                    <\/button>\n                    <button type=\"button\" class=\"btn btn-primary next\">\n                        Next\n                        <i class=\"glyphicon glyphicon-chevron-right\"><\/i>\n                    <\/button>\n                <\/div>\n            <\/div>\n        <\/div>\n    <\/div>\n<\/div><div id=\"links\" class=\"gallery gallery-2129-1\"><div class=\"gallery-row gallery-columns-2\"><div class=\"gallery-item\"><a class=\"thumbnail img-thumbnail\" href='https:\/\/galerija110795.ba\/app\/uploads\/2015\/07\/913187-009.jpg'><img loading=\"lazy\" decoding=\"async\" width=\"600\" height=\"400\" src=\"https:\/\/galerija110795.ba\/app\/uploads\/2015\/07\/913187-009-600x400.jpg\" class=\"attachment-thumbnail size-thumbnail\" alt=\"\" srcset=\"https:\/\/galerija110795.ba\/app\/uploads\/2015\/07\/913187-009-600x400.jpg 600w, https:\/\/galerija110795.ba\/app\/uploads\/2015\/07\/913187-009-900x600.jpg 900w, https:\/\/galerija110795.ba\/app\/uploads\/2015\/07\/913187-009-1200x800.jpg 1200w\" sizes=\"auto, (max-width: 600px) 100vw, 600px\" \/><\/a><\/div><div class=\"gallery-item\"><a class=\"thumbnail img-thumbnail\" href='https:\/\/galerija110795.ba\/app\/uploads\/2015\/07\/913187-071.jpg'><img loading=\"lazy\" decoding=\"async\" width=\"600\" height=\"400\" src=\"https:\/\/galerija110795.ba\/app\/uploads\/2015\/07\/913187-071-600x400.jpg\" class=\"attachment-thumbnail size-thumbnail\" alt=\"\" srcset=\"https:\/\/galerija110795.ba\/app\/uploads\/2015\/07\/913187-071-600x400.jpg 600w, https:\/\/galerija110795.ba\/app\/uploads\/2015\/07\/913187-071-900x600.jpg 900w, https:\/\/galerija110795.ba\/app\/uploads\/2015\/07\/913187-071-1200x800.jpg 1200w\" sizes=\"auto, (max-width: 600px) 100vw, 600px\" \/><\/a><\/div><\/div><div class=\"gallery-row gallery-columns-2\"><div class=\"gallery-item\"><a class=\"thumbnail img-thumbnail\" href='https:\/\/galerija110795.ba\/app\/uploads\/2015\/07\/913187-114-1.jpg'><img loading=\"lazy\" decoding=\"async\" width=\"600\" height=\"400\" src=\"https:\/\/galerija110795.ba\/app\/uploads\/2015\/07\/913187-114-1-600x400.jpg\" class=\"attachment-thumbnail size-thumbnail\" alt=\"\" \/><\/a><\/div><div class=\"gallery-item\"><a class=\"thumbnail img-thumbnail\" href='https:\/\/galerija110795.ba\/app\/uploads\/2015\/07\/913187-117.jpg'><img loading=\"lazy\" decoding=\"async\" width=\"600\" height=\"400\" src=\"https:\/\/galerija110795.ba\/app\/uploads\/2015\/07\/913187-117-600x400.jpg\" class=\"attachment-thumbnail size-thumbnail\" alt=\"\" srcset=\"https:\/\/galerija110795.ba\/app\/uploads\/2015\/07\/913187-117-600x400.jpg 600w, https:\/\/galerija110795.ba\/app\/uploads\/2015\/07\/913187-117-900x600.jpg 900w, https:\/\/galerija110795.ba\/app\/uploads\/2015\/07\/913187-117-1200x800.jpg 1200w\" sizes=\"auto, (max-width: 600px) 100vw, 600px\" \/><\/a><\/div><\/div><div class=\"gallery-row gallery-columns-2\"><div class=\"gallery-item\"><a class=\"thumbnail img-thumbnail\" href='https:\/\/galerija110795.ba\/app\/uploads\/2015\/07\/913187-118.jpg'><img loading=\"lazy\" decoding=\"async\" width=\"600\" height=\"400\" src=\"https:\/\/galerija110795.ba\/app\/uploads\/2015\/07\/913187-118-600x400.jpg\" class=\"attachment-thumbnail size-thumbnail\" alt=\"\" \/><\/a><\/div><div class=\"gallery-item\"><a class=\"thumbnail img-thumbnail\" href='https:\/\/galerija110795.ba\/app\/uploads\/2015\/07\/913187-121.jpg'><img loading=\"lazy\" decoding=\"async\" width=\"600\" height=\"400\" src=\"https:\/\/galerija110795.ba\/app\/uploads\/2015\/07\/913187-121-600x400.jpg\" class=\"attachment-thumbnail size-thumbnail\" alt=\"\" srcset=\"https:\/\/galerija110795.ba\/app\/uploads\/2015\/07\/913187-121-600x400.jpg 600w, https:\/\/galerija110795.ba\/app\/uploads\/2015\/07\/913187-121-900x600.jpg 900w, https:\/\/galerija110795.ba\/app\/uploads\/2015\/07\/913187-121-1200x800.jpg 1200w\" sizes=\"auto, (max-width: 600px) 100vw, 600px\" \/><\/a><\/div><\/div><\/div>\n  <script>\n    jQuery(document).ready(function($) {\n\ndocument.getElementById(\"links\").onclick = function (event) {\n    event = event || window.event;\n    var target = event.target || event.srcElement,\n        link = target.src ? target.parentNode : target,\n        options = {index: link, event: event},\n        links = this.getElementsByTagName(\"a\");\n    blueimp.Gallery(links, options);\n};\n    });\n    \n<\/script>\n  \n<p>&nbsp;<\/p>\n<p>&nbsp;<\/p>\n","protected":false},"excerpt":{"rendered":"<p>Povodom dvadesete godi\u0161njice genocida u Srebrenici u\u00a0Westminsterskoj opatiji u Londonu odr\u017eana je misa i odata po\u010dast \u017ertvama genocida. U sklopu navedene manifestacije izlo\u017eena je i jedna od fotografija iz stalne postavke Galerije 11\/07\/95. Radi se o fotografiji autora Tarika Samaraha snimljenoj 2003. godine, dva dana prije prve d\u017eenaze u Poto\u010darima. Na fotografiji su prikazani tabuti &hellip; <a href=\"https:\/\/galerija110795.ba\/bs\/fotografija-iz-stalnog-postava-galerije-110795-izlozena-u-westminster-opatiji\/\">Continued<\/a><\/p>\n","protected":false},"author":2,"featured_media":2311,"comment_status":"closed","ping_status":"open","sticky":false,"template":"","format":"standard","meta":{"_acf_changed":false,"footnotes":""},"categories":[1],"tags":[],"class_list":["post-2129","post","type-post","status-publish","format-standard","has-post-thumbnail","hentry","category-aktuelno"],"acf":[],"yoast_head":"<!-- This site is optimized with the Yoast SEO plugin v26.8 - https:\/\/yoast.com\/product\/yoast-seo-wordpress\/ -->\n<title>Fotografija iz stalne postavke Galerije 11\/07\/95 izlo\u017eena u Westminsterskoj opatiji - Galerija 11\/07\/95<\/title>\n<meta name=\"robots\" content=\"index, follow, max-snippet:-1, max-image-preview:large, max-video-preview:-1\" \/>\n<link rel=\"canonical\" href=\"https:\/\/galerija110795.ba\/bs\/fotografija-iz-stalnog-postava-galerije-110795-izlozena-u-westminster-opatiji\/\" \/>\n<meta property=\"og:locale\" content=\"bs_BA\" \/>\n<meta property=\"og:type\" content=\"article\" \/>\n<meta property=\"og:title\" content=\"Fotografija iz stalne postavke Galerije 11\/07\/95 izlo\u017eena u Westminsterskoj opatiji - Galerija 11\/07\/95\" \/>\n<meta property=\"og:description\" content=\"Povodom dvadesete godi\u0161njice genocida u Srebrenici u\u00a0Westminsterskoj opatiji u Londonu odr\u017eana je misa i odata po\u010dast \u017ertvama genocida. U sklopu navedene manifestacije izlo\u017eena je i jedna od fotografija iz stalne postavke Galerije 11\/07\/95. Radi se o fotografiji autora Tarika Samaraha snimljenoj 2003. godine, dva dana prije prve d\u017eenaze u Poto\u010darima. Na fotografiji su prikazani tabuti &hellip; Continued\" \/>\n<meta property=\"og:url\" content=\"https:\/\/galerija110795.ba\/bs\/fotografija-iz-stalnog-postava-galerije-110795-izlozena-u-westminster-opatiji\/\" \/>\n<meta property=\"og:site_name\" content=\"Galerija 11\/07\/95\" \/>\n<meta property=\"article:published_time\" content=\"2015-07-06T19:35:17+00:00\" \/>\n<meta property=\"article:modified_time\" content=\"2015-10-18T13:43:56+00:00\" \/>\n<meta property=\"og:image\" content=\"https:\/\/galerija110795.ba\/app\/uploads\/2015\/07\/913187-009-1200x800.jpg\" \/>\n\t<meta property=\"og:image:width\" content=\"1200\" \/>\n\t<meta property=\"og:image:height\" content=\"800\" \/>\n\t<meta property=\"og:image:type\" content=\"image\/jpeg\" \/>\n<meta name=\"author\" content=\"Anela Hakalovi\u0107\" \/>\n<meta name=\"twitter:card\" content=\"summary_large_image\" \/>\n<meta name=\"twitter:label1\" content=\"Written by\" \/>\n\t<meta name=\"twitter:data1\" content=\"Anela Hakalovi\u0107\" \/>\n<script type=\"application\/ld+json\" class=\"yoast-schema-graph\">{\"@context\":\"https:\/\/schema.org\",\"@graph\":[{\"@type\":\"Article\",\"@id\":\"https:\/\/galerija110795.ba\/bs\/fotografija-iz-stalnog-postava-galerije-110795-izlozena-u-westminster-opatiji\/#article\",\"isPartOf\":{\"@id\":\"https:\/\/galerija110795.ba\/bs\/fotografija-iz-stalnog-postava-galerije-110795-izlozena-u-westminster-opatiji\/\"},\"author\":{\"name\":\"Anela Hakalovi\u0107\",\"@id\":\"https:\/\/galerija110795.ba\/#\/schema\/person\/aed85583c0c5ab85318b45909ea22388\"},\"headline\":\"Fotografija iz stalne postavke Galerije 11\/07\/95 izlo\u017eena u Westminsterskoj opatiji\",\"datePublished\":\"2015-07-06T19:35:17+00:00\",\"dateModified\":\"2015-10-18T13:43:56+00:00\",\"mainEntityOfPage\":{\"@id\":\"https:\/\/galerija110795.ba\/bs\/fotografija-iz-stalnog-postava-galerije-110795-izlozena-u-westminster-opatiji\/\"},\"wordCount\":108,\"publisher\":{\"@id\":\"https:\/\/galerija110795.ba\/#organization\"},\"image\":{\"@id\":\"https:\/\/galerija110795.ba\/bs\/fotografija-iz-stalnog-postava-galerije-110795-izlozena-u-westminster-opatiji\/#primaryimage\"},\"thumbnailUrl\":\"https:\/\/galerija110795.ba\/app\/uploads\/2015\/07\/913187-009.jpg\",\"articleSection\":[\"Aktuelno\"],\"inLanguage\":\"bs-BA\"},{\"@type\":\"WebPage\",\"@id\":\"https:\/\/galerija110795.ba\/bs\/fotografija-iz-stalnog-postava-galerije-110795-izlozena-u-westminster-opatiji\/\",\"url\":\"https:\/\/galerija110795.ba\/bs\/fotografija-iz-stalnog-postava-galerije-110795-izlozena-u-westminster-opatiji\/\",\"name\":\"Fotografija iz stalne postavke Galerije 11\/07\/95 izlo\u017eena u Westminsterskoj opatiji - Galerija 11\/07\/95\",\"isPartOf\":{\"@id\":\"https:\/\/galerija110795.ba\/#website\"},\"primaryImageOfPage\":{\"@id\":\"https:\/\/galerija110795.ba\/bs\/fotografija-iz-stalnog-postava-galerije-110795-izlozena-u-westminster-opatiji\/#primaryimage\"},\"image\":{\"@id\":\"https:\/\/galerija110795.ba\/bs\/fotografija-iz-stalnog-postava-galerije-110795-izlozena-u-westminster-opatiji\/#primaryimage\"},\"thumbnailUrl\":\"https:\/\/galerija110795.ba\/app\/uploads\/2015\/07\/913187-009.jpg\",\"datePublished\":\"2015-07-06T19:35:17+00:00\",\"dateModified\":\"2015-10-18T13:43:56+00:00\",\"breadcrumb\":{\"@id\":\"https:\/\/galerija110795.ba\/bs\/fotografija-iz-stalnog-postava-galerije-110795-izlozena-u-westminster-opatiji\/#breadcrumb\"},\"inLanguage\":\"bs-BA\",\"potentialAction\":[{\"@type\":\"ReadAction\",\"target\":[\"https:\/\/galerija110795.ba\/bs\/fotografija-iz-stalnog-postava-galerije-110795-izlozena-u-westminster-opatiji\/\"]}]},{\"@type\":\"ImageObject\",\"inLanguage\":\"bs-BA\",\"@id\":\"https:\/\/galerija110795.ba\/bs\/fotografija-iz-stalnog-postava-galerije-110795-izlozena-u-westminster-opatiji\/#primaryimage\",\"url\":\"https:\/\/galerija110795.ba\/app\/uploads\/2015\/07\/913187-009.jpg\",\"contentUrl\":\"https:\/\/galerija110795.ba\/app\/uploads\/2015\/07\/913187-009.jpg\",\"width\":4800,\"height\":3200},{\"@type\":\"BreadcrumbList\",\"@id\":\"https:\/\/galerija110795.ba\/bs\/fotografija-iz-stalnog-postava-galerije-110795-izlozena-u-westminster-opatiji\/#breadcrumb\",\"itemListElement\":[{\"@type\":\"ListItem\",\"position\":1,\"name\":\"Home\",\"item\":\"https:\/\/galerija110795.ba\/\"},{\"@type\":\"ListItem\",\"position\":2,\"name\":\"Fotografija iz stalne postavke Galerije 11\/07\/95 izlo\u017eena u Westminsterskoj opatiji\"}]},{\"@type\":\"WebSite\",\"@id\":\"https:\/\/galerija110795.ba\/#website\",\"url\":\"https:\/\/galerija110795.ba\/\",\"name\":\"Galerija 11\/07\/95\",\"description\":\"Prva memorijalna galerija u Bosni i Hercegovini, izlo\u017ebeni prostor kojem je cilj o\u010duvati sje\u0107anja na  tragediju Srebrenice i 8372 osobe tragi\u010dno stradale u srebreni\u010dkom genocidu.\",\"publisher\":{\"@id\":\"https:\/\/galerija110795.ba\/#organization\"},\"potentialAction\":[{\"@type\":\"SearchAction\",\"target\":{\"@type\":\"EntryPoint\",\"urlTemplate\":\"https:\/\/galerija110795.ba\/?s={search_term_string}\"},\"query-input\":{\"@type\":\"PropertyValueSpecification\",\"valueRequired\":true,\"valueName\":\"search_term_string\"}}],\"inLanguage\":\"bs-BA\"},{\"@type\":\"Organization\",\"@id\":\"https:\/\/galerija110795.ba\/#organization\",\"name\":\"Galerija 11\/07\/95\",\"url\":\"https:\/\/galerija110795.ba\/\",\"logo\":{\"@type\":\"ImageObject\",\"inLanguage\":\"bs-BA\",\"@id\":\"https:\/\/galerija110795.ba\/#\/schema\/logo\/image\/\",\"url\":\"https:\/\/galerija110795.ba\/app\/uploads\/2013\/09\/galerija_110795_logo.png\",\"contentUrl\":\"https:\/\/galerija110795.ba\/app\/uploads\/2013\/09\/galerija_110795_logo.png\",\"width\":1254,\"height\":408,\"caption\":\"Galerija 11\/07\/95\"},\"image\":{\"@id\":\"https:\/\/galerija110795.ba\/#\/schema\/logo\/image\/\"}},{\"@type\":\"Person\",\"@id\":\"https:\/\/galerija110795.ba\/#\/schema\/person\/aed85583c0c5ab85318b45909ea22388\",\"name\":\"Anela Hakalovi\u0107\",\"image\":{\"@type\":\"ImageObject\",\"inLanguage\":\"bs-BA\",\"@id\":\"https:\/\/galerija110795.ba\/#\/schema\/person\/image\/\",\"url\":\"https:\/\/secure.gravatar.com\/avatar\/73b0950138c9b13ee821b104d652969835e2e28c1ed741ecae67f3fb387e0a90?s=96&d=mm&r=g\",\"contentUrl\":\"https:\/\/secure.gravatar.com\/avatar\/73b0950138c9b13ee821b104d652969835e2e28c1ed741ecae67f3fb387e0a90?s=96&d=mm&r=g\",\"caption\":\"Anela Hakalovi\u0107\"},\"sameAs\":[\"https:\/\/galerija110795.ba\"],\"url\":\"https:\/\/galerija110795.ba\/bs\/author\/anela\/\"}]}<\/script>\n<!-- \/ Yoast SEO plugin. -->","yoast_head_json":{"title":"Fotografija iz stalne postavke Galerije 11\/07\/95 izlo\u017eena u Westminsterskoj opatiji - Galerija 11\/07\/95","robots":{"index":"index","follow":"follow","max-snippet":"max-snippet:-1","max-image-preview":"max-image-preview:large","max-video-preview":"max-video-preview:-1"},"canonical":"https:\/\/galerija110795.ba\/bs\/fotografija-iz-stalnog-postava-galerije-110795-izlozena-u-westminster-opatiji\/","og_locale":"bs_BA","og_type":"article","og_title":"Fotografija iz stalne postavke Galerije 11\/07\/95 izlo\u017eena u Westminsterskoj opatiji - Galerija 11\/07\/95","og_description":"Povodom dvadesete godi\u0161njice genocida u Srebrenici u\u00a0Westminsterskoj opatiji u Londonu odr\u017eana je misa i odata po\u010dast \u017ertvama genocida. U sklopu navedene manifestacije izlo\u017eena je i jedna od fotografija iz stalne postavke Galerije 11\/07\/95. Radi se o fotografiji autora Tarika Samaraha snimljenoj 2003. godine, dva dana prije prve d\u017eenaze u Poto\u010darima. Na fotografiji su prikazani tabuti &hellip; Continued","og_url":"https:\/\/galerija110795.ba\/bs\/fotografija-iz-stalnog-postava-galerije-110795-izlozena-u-westminster-opatiji\/","og_site_name":"Galerija 11\/07\/95","article_published_time":"2015-07-06T19:35:17+00:00","article_modified_time":"2015-10-18T13:43:56+00:00","og_image":[{"width":1200,"height":800,"url":"https:\/\/galerija110795.ba\/app\/uploads\/2015\/07\/913187-009-1200x800.jpg","type":"image\/jpeg"}],"author":"Anela Hakalovi\u0107","twitter_card":"summary_large_image","twitter_misc":{"Written by":"Anela Hakalovi\u0107"},"schema":{"@context":"https:\/\/schema.org","@graph":[{"@type":"Article","@id":"https:\/\/galerija110795.ba\/bs\/fotografija-iz-stalnog-postava-galerije-110795-izlozena-u-westminster-opatiji\/#article","isPartOf":{"@id":"https:\/\/galerija110795.ba\/bs\/fotografija-iz-stalnog-postava-galerije-110795-izlozena-u-westminster-opatiji\/"},"author":{"name":"Anela Hakalovi\u0107","@id":"https:\/\/galerija110795.ba\/#\/schema\/person\/aed85583c0c5ab85318b45909ea22388"},"headline":"Fotografija iz stalne postavke Galerije 11\/07\/95 izlo\u017eena u Westminsterskoj opatiji","datePublished":"2015-07-06T19:35:17+00:00","dateModified":"2015-10-18T13:43:56+00:00","mainEntityOfPage":{"@id":"https:\/\/galerija110795.ba\/bs\/fotografija-iz-stalnog-postava-galerije-110795-izlozena-u-westminster-opatiji\/"},"wordCount":108,"publisher":{"@id":"https:\/\/galerija110795.ba\/#organization"},"image":{"@id":"https:\/\/galerija110795.ba\/bs\/fotografija-iz-stalnog-postava-galerije-110795-izlozena-u-westminster-opatiji\/#primaryimage"},"thumbnailUrl":"https:\/\/galerija110795.ba\/app\/uploads\/2015\/07\/913187-009.jpg","articleSection":["Aktuelno"],"inLanguage":"bs-BA"},{"@type":"WebPage","@id":"https:\/\/galerija110795.ba\/bs\/fotografija-iz-stalnog-postava-galerije-110795-izlozena-u-westminster-opatiji\/","url":"https:\/\/galerija110795.ba\/bs\/fotografija-iz-stalnog-postava-galerije-110795-izlozena-u-westminster-opatiji\/","name":"Fotografija iz stalne postavke Galerije 11\/07\/95 izlo\u017eena u Westminsterskoj opatiji - Galerija 11\/07\/95","isPartOf":{"@id":"https:\/\/galerija110795.ba\/#website"},"primaryImageOfPage":{"@id":"https:\/\/galerija110795.ba\/bs\/fotografija-iz-stalnog-postava-galerije-110795-izlozena-u-westminster-opatiji\/#primaryimage"},"image":{"@id":"https:\/\/galerija110795.ba\/bs\/fotografija-iz-stalnog-postava-galerije-110795-izlozena-u-westminster-opatiji\/#primaryimage"},"thumbnailUrl":"https:\/\/galerija110795.ba\/app\/uploads\/2015\/07\/913187-009.jpg","datePublished":"2015-07-06T19:35:17+00:00","dateModified":"2015-10-18T13:43:56+00:00","breadcrumb":{"@id":"https:\/\/galerija110795.ba\/bs\/fotografija-iz-stalnog-postava-galerije-110795-izlozena-u-westminster-opatiji\/#breadcrumb"},"inLanguage":"bs-BA","potentialAction":[{"@type":"ReadAction","target":["https:\/\/galerija110795.ba\/bs\/fotografija-iz-stalnog-postava-galerije-110795-izlozena-u-westminster-opatiji\/"]}]},{"@type":"ImageObject","inLanguage":"bs-BA","@id":"https:\/\/galerija110795.ba\/bs\/fotografija-iz-stalnog-postava-galerije-110795-izlozena-u-westminster-opatiji\/#primaryimage","url":"https:\/\/galerija110795.ba\/app\/uploads\/2015\/07\/913187-009.jpg","contentUrl":"https:\/\/galerija110795.ba\/app\/uploads\/2015\/07\/913187-009.jpg","width":4800,"height":3200},{"@type":"BreadcrumbList","@id":"https:\/\/galerija110795.ba\/bs\/fotografija-iz-stalnog-postava-galerije-110795-izlozena-u-westminster-opatiji\/#breadcrumb","itemListElement":[{"@type":"ListItem","position":1,"name":"Home","item":"https:\/\/galerija110795.ba\/"},{"@type":"ListItem","position":2,"name":"Fotografija iz stalne postavke Galerije 11\/07\/95 izlo\u017eena u Westminsterskoj opatiji"}]},{"@type":"WebSite","@id":"https:\/\/galerija110795.ba\/#website","url":"https:\/\/galerija110795.ba\/","name":"Galerija 11\/07\/95","description":"Prva memorijalna galerija u Bosni i Hercegovini, izlo\u017ebeni prostor kojem je cilj o\u010duvati sje\u0107anja na  tragediju Srebrenice i 8372 osobe tragi\u010dno stradale u srebreni\u010dkom genocidu.","publisher":{"@id":"https:\/\/galerija110795.ba\/#organization"},"potentialAction":[{"@type":"SearchAction","target":{"@type":"EntryPoint","urlTemplate":"https:\/\/galerija110795.ba\/?s={search_term_string}"},"query-input":{"@type":"PropertyValueSpecification","valueRequired":true,"valueName":"search_term_string"}}],"inLanguage":"bs-BA"},{"@type":"Organization","@id":"https:\/\/galerija110795.ba\/#organization","name":"Galerija 11\/07\/95","url":"https:\/\/galerija110795.ba\/","logo":{"@type":"ImageObject","inLanguage":"bs-BA","@id":"https:\/\/galerija110795.ba\/#\/schema\/logo\/image\/","url":"https:\/\/galerija110795.ba\/app\/uploads\/2013\/09\/galerija_110795_logo.png","contentUrl":"https:\/\/galerija110795.ba\/app\/uploads\/2013\/09\/galerija_110795_logo.png","width":1254,"height":408,"caption":"Galerija 11\/07\/95"},"image":{"@id":"https:\/\/galerija110795.ba\/#\/schema\/logo\/image\/"}},{"@type":"Person","@id":"https:\/\/galerija110795.ba\/#\/schema\/person\/aed85583c0c5ab85318b45909ea22388","name":"Anela Hakalovi\u0107","image":{"@type":"ImageObject","inLanguage":"bs-BA","@id":"https:\/\/galerija110795.ba\/#\/schema\/person\/image\/","url":"https:\/\/secure.gravatar.com\/avatar\/73b0950138c9b13ee821b104d652969835e2e28c1ed741ecae67f3fb387e0a90?s=96&d=mm&r=g","contentUrl":"https:\/\/secure.gravatar.com\/avatar\/73b0950138c9b13ee821b104d652969835e2e28c1ed741ecae67f3fb387e0a90?s=96&d=mm&r=g","caption":"Anela Hakalovi\u0107"},"sameAs":["https:\/\/galerija110795.ba"],"url":"https:\/\/galerija110795.ba\/bs\/author\/anela\/"}]}},"wpml_current_locale":"bs_BA","wpml_translations":{"bs_BA":{"locale":"bs_BA","id":2129,"slug":"fotografija-iz-stalnog-postava-galerije-110795-izlozena-u-westminster-opatiji","post_title":"Fotografija iz stalne postavke Galerije 11\/07\/95 izlo\u017eena u Westminsterskoj opatiji","href":"https:\/\/galerija110795.ba\/bs\/fotografija-iz-stalnog-postava-galerije-110795-izlozena-u-westminster-opatiji\/"},"en_US":{"locale":"en_US","id":2360,"slug":"photograph-from-the-permanent-exhibition-of-the-gallery-110795-exposed-in-the-westminster-abbey","post_title":"Photograph from the permanent exhibition of the Gallery 11\/07\/95 exposed in the Westminster Abbey","href":"https:\/\/galerija110795.ba\/photograph-from-the-permanent-exhibition-of-the-gallery-110795-exposed-in-the-westminster-abbey\/"}},"_links":{"self":[{"href":"https:\/\/galerija110795.ba\/bs\/wp-json\/wp\/v2\/posts\/2129","targetHints":{"allow":["GET"]}}],"collection":[{"href":"https:\/\/galerija110795.ba\/bs\/wp-json\/wp\/v2\/posts"}],"about":[{"href":"https:\/\/galerija110795.ba\/bs\/wp-json\/wp\/v2\/types\/post"}],"author":[{"embeddable":true,"href":"https:\/\/galerija110795.ba\/bs\/wp-json\/wp\/v2\/users\/2"}],"replies":[{"embeddable":true,"href":"https:\/\/galerija110795.ba\/bs\/wp-json\/wp\/v2\/comments?post=2129"}],"version-history":[{"count":0,"href":"https:\/\/galerija110795.ba\/bs\/wp-json\/wp\/v2\/posts\/2129\/revisions"}],"wp:featuredmedia":[{"embeddable":true,"href":"https:\/\/galerija110795.ba\/bs\/wp-json\/wp\/v2\/media\/2311"}],"wp:attachment":[{"href":"https:\/\/galerija110795.ba\/bs\/wp-json\/wp\/v2\/media?parent=2129"}],"wp:term":[{"taxonomy":"category","embeddable":true,"href":"https:\/\/galerija110795.ba\/bs\/wp-json\/wp\/v2\/categories?post=2129"},{"taxonomy":"post_tag","embeddable":true,"href":"https:\/\/galerija110795.ba\/bs\/wp-json\/wp\/v2\/tags?post=2129"}],"curies":[{"name":"wp","href":"https:\/\/api.w.org\/{rel}","templated":true}]}}